{"id":2784,"date":"2011-12-05T10:22:13","date_gmt":"2011-12-05T10:22:13","guid":{"rendered":"https:\/\/www.minicity.it\/blog\/?p=2784"},"modified":"2011-12-05T10:22:13","modified_gmt":"2011-12-05T10:22:13","slug":"presepe-di-bellaria-igea-marina-marco-simoncelli","status":"publish","type":"post","link":"https:\/\/www.minicity.it\/blog\/2011\/12\/presepe-di-bellaria-igea-marina-marco-simoncelli\/","title":{"rendered":"Nel presepe di Bellaria Igea-Marina spunta Marco Simoncelli"},"content":{"rendered":"<p><strong><a href=\"https:\/\/www.minicity.it\/blog\/wp-content\/uploads\/2011\/11\/presepisabbiabellariaigeamarina.jpg\"><img loading=\"lazy\" decoding=\"async\" class=\"alignleft size-full wp-image-2728\" title=\"presepisabbiabellariaigeamarina\" src=\"https:\/\/www.minicity.it\/blog\/wp-content\/uploads\/2011\/11\/presepisabbiabellariaigeamarina.jpg\" alt=\"\" width=\"200\" height=\"141\" \/><\/a>Domenica 4 dicembre<\/strong> ha inaugurato l&#8217;attesissimo presepe di sabbia di Bellaria Igea-Marina. <strong>&#8220;Gli angeli della sabbia&#8221;<\/strong>, questo il titolo di quest&#8217;anno, si trova all&#8217;altezza dei bagni 78 e 78 bis e riprende, con grande attenzione ai particolari, i personaggi del santo Natale, ma realizzati <!--more-->completamente di sabbia. L&#8217;opera si deve al genio e alla tecnica di Sergi Ramirez e Carlo Capelli che, quest&#8217;anno, hanno voluto omaggiare un grande romagnolo recentemente scomparso, Marco Simoncelli.<\/p>\n<p>In mezzo alle statue del presepe, infatti, compare, con la scritta<strong> &#8220;58 &#8211; un amico&#8221;, un ritratto di SuperSic<\/strong>, il grande pilota di moto morto a Sepang, durante il Gran Premio della Malesia, lo scorso ottobre. Marco Simoncelli, scomparso a soli 24 anni, era infatti in tutto i mondo per il suo carattere solare e la sua simpatia. Il giovane pilota ha sicuramente lasciato un segno particolare in Romagna: oltre al ritratto nel presepe, recentemente \u00e8 stato a lui dedicato anche il Circuito Santa Monica di Misano Adriatico.<\/p>\n<p><strong>L&#8217;inaugurazione del Presepe di Bellaria Igea-Marina<\/strong> \u00e8 stata una giornata di divertimento, con le autorit\u00e0, i cittadini e molti curiosi presenti. Oltre al presepe \u00e8 stata anche presentata al pubblico una scultura futurista fatta di sfere galleggianti. Il presepe di sabbia \u00e8 al suo secondo anno: il Comune ha rilanciato l&#8217;iniziativa per il 2011, dopo il grande successo ottenuto lo scorso anno. Si tratta di un modo per destagionalizzare il turismo nel comune romagnolo e mantenere un legame forte con la spiaggia e il mare, che sono comunque al centro dell&#8217;attivit\u00e0 di Bellaria Igea-Marina.<\/p>\n","protected":false},"excerpt":{"rendered":"<p>Domenica 4 dicembre ha inaugurato l&rsquo;attesissimo presepe di sabbia di Bellaria Igea-Marina. &ldquo;Gli angeli della sabbia&rdquo;, questo il titolo di quest&rsquo;anno, si trova all&rsquo;altezza dei bagni 78 e 78 bis e riprende, con grande attenzione ai particolari, i personaggi del santo Natale, ma realizzati<\/p>\n","protected":false},"author":1,"featured_media":0,"comment_status":"open","ping_status":"open","sticky":false,"template":"","format":"standard","meta":{"footnotes":""},"categories":[3],"tags":[31,53,33],"class_list":["post-2784","post","type-post","status-publish","format-standard","hentry","category-turismo","tag-bellaria-igea-marina","tag-capodanno-rimini","tag-eventi-riviera"],"aioseo_notices":[],"_links":{"self":[{"href":"https:\/\/www.minicity.it\/blog\/wp-json\/wp\/v2\/posts\/2784","targetHints":{"allow":["GET"]}}],"collection":[{"href":"https:\/\/www.minicity.it\/blog\/wp-json\/wp\/v2\/posts"}],"about":[{"href":"https:\/\/www.minicity.it\/blog\/wp-json\/wp\/v2\/types\/post"}],"author":[{"embeddable":true,"href":"https:\/\/www.minicity.it\/blog\/wp-json\/wp\/v2\/users\/1"}],"replies":[{"embeddable":true,"href":"https:\/\/www.minicity.it\/blog\/wp-json\/wp\/v2\/comments?post=2784"}],"version-history":[{"count":0,"href":"https:\/\/www.minicity.it\/blog\/wp-json\/wp\/v2\/posts\/2784\/revisions"}],"wp:attachment":[{"href":"https:\/\/www.minicity.it\/blog\/wp-json\/wp\/v2\/media?parent=2784"}],"wp:term":[{"taxonomy":"category","embeddable":true,"href":"https:\/\/www.minicity.it\/blog\/wp-json\/wp\/v2\/categories?post=2784"},{"taxonomy":"post_tag","embeddable":true,"href":"https:\/\/www.minicity.it\/blog\/wp-json\/wp\/v2\/tags?post=2784"}],"curies":[{"name":"wp","href":"https:\/\/api.w.org\/{rel}","templated":true}]}}