{"id":2810,"date":"2011-12-07T11:34:14","date_gmt":"2011-12-07T11:34:14","guid":{"rendered":"https:\/\/www.minicity.it\/blog\/?p=2810"},"modified":"2011-12-07T11:34:14","modified_gmt":"2011-12-07T11:34:14","slug":"natale-a-ravenna-presepi-eventi-concerti","status":"publish","type":"post","link":"https:\/\/www.minicity.it\/blog\/2011\/12\/natale-a-ravenna-presepi-eventi-concerti\/","title":{"rendered":"Anche a Ravenna sta arrivando il Natale"},"content":{"rendered":"<p><a href=\"https:\/\/www.minicity.it\/blog\/wp-content\/uploads\/2011\/12\/nataleravenna.jpg\"><img loading=\"lazy\" decoding=\"async\" class=\"alignleft size-full wp-image-2811\" title=\"nataleravenna\" src=\"https:\/\/www.minicity.it\/blog\/wp-content\/uploads\/2011\/12\/nataleravenna.jpg\" alt=\"\" width=\"200\" height=\"139\" \/><\/a>Dallo scorso fine settimana anche a <strong>Ravenna<\/strong> sono partite le iniziative del <strong>Natale<\/strong>: oltre alle luminarie, infatti, la citt\u00e0 si appresta a facilitare lo shopping e le visite natalizie.<\/p>\n<p>Intanto <strong>sabato 3 dicembre<\/strong> \u00e8 stato ufficialmente inaugurato il<!--more--> <strong>Presepe di Sabbia di Marina di Ravenna<\/strong> (il 4 invece anche quello di Bellaria Igea-Marina), cos\u00ec come il mercatino nelle piazze del centro. Da gioved\u00ec 8 dicembre poi, con il ponte dell&#8217;Immacolata partir\u00e0 anche il mercato di prodotti natalizie e regali che si tiene ogni anno in Piazza del Popolo.<\/p>\n<p>A questo si aggiungono concerti in giro per la citt\u00e0, come i \u201cLarge Street Band\u201d l&#8217;11 dicembre, i \u201cWanna Gonna Show\u201d il 18, e gli \u201cArchimossi\u201d il 6 gennaio e spettacoli come le dirette di Radio Studio Delta (il 17, 24 e 31 dicembre) o videoproiezioni sui palazzi cittadini.<\/p>\n<p><strong>Ma sopratutto<\/strong>, la cosa interessante, \u00e8 che a partire dal <strong>prossimo 9 dicembre<\/strong> i parcheggi del centro di Ravenna, solitamente a pagamento, saranno gratis tutti i giorni dalle ore 16:00 alle 20:00. Inoltre, sono previste navette gratis per il centro dal Pala De Andr\u00e9 e dal Cinema City nei giorni dell&#8217;8, 11 e 18 dicembre. E autobus gratis, invece, il 23 e il 25 dicembre, su tutta la linea urbana. Le iniziative sono state presentate dall&#8217;assessore alla Cultura del Comune, Corsini, che ha sottolineato come in tempi di crisi l&#8217;amministrazione cerchi comunque di dare il massimo per rendere il pi\u00f9 piacevole e rilassante possibile il Natale a Ravenna.<\/p>\n<p><strong>Per maggiori informazioni<\/strong> o per conoscere il calendario completo di tutte le iniziative su visitare il sito Internet <strong>www.turismo.ra.it<\/strong>.<\/p>\n","protected":false},"excerpt":{"rendered":"<p>Dallo scorso fine settimana anche a Ravenna sono partite le iniziative del Natale: oltre alle luminarie, infatti, la citt&agrave; si appresta a facilitare lo shopping e le visite natalizie. Intanto sabato 3 dicembre &egrave; stato ufficialmente inaugurato il<\/p>\n","protected":false},"author":6,"featured_media":0,"comment_status":"open","ping_status":"open","sticky":false,"template":"","format":"standard","meta":{"footnotes":""},"categories":[3],"tags":[53,39,33],"class_list":["post-2810","post","type-post","status-publish","format-standard","hentry","category-turismo","tag-capodanno-rimini","tag-concerti","tag-eventi-riviera"],"aioseo_notices":[],"_links":{"self":[{"href":"https:\/\/www.minicity.it\/blog\/wp-json\/wp\/v2\/posts\/2810","targetHints":{"allow":["GET"]}}],"collection":[{"href":"https:\/\/www.minicity.it\/blog\/wp-json\/wp\/v2\/posts"}],"about":[{"href":"https:\/\/www.minicity.it\/blog\/wp-json\/wp\/v2\/types\/post"}],"author":[{"embeddable":true,"href":"https:\/\/www.minicity.it\/blog\/wp-json\/wp\/v2\/users\/6"}],"replies":[{"embeddable":true,"href":"https:\/\/www.minicity.it\/blog\/wp-json\/wp\/v2\/comments?post=2810"}],"version-history":[{"count":0,"href":"https:\/\/www.minicity.it\/blog\/wp-json\/wp\/v2\/posts\/2810\/revisions"}],"wp:attachment":[{"href":"https:\/\/www.minicity.it\/blog\/wp-json\/wp\/v2\/media?parent=2810"}],"wp:term":[{"taxonomy":"category","embeddable":true,"href":"https:\/\/www.minicity.it\/blog\/wp-json\/wp\/v2\/categories?post=2810"},{"taxonomy":"post_tag","embeddable":true,"href":"https:\/\/www.minicity.it\/blog\/wp-json\/wp\/v2\/tags?post=2810"}],"curies":[{"name":"wp","href":"https:\/\/api.w.org\/{rel}","templated":true}]}}