{"id":2841,"date":"2011-12-09T16:18:16","date_gmt":"2011-12-09T16:18:16","guid":{"rendered":"https:\/\/www.minicity.it\/blog\/?p=2841"},"modified":"2011-12-09T16:18:16","modified_gmt":"2011-12-09T16:18:16","slug":"ponte-dellimmacolata-bloccato-il-turismo-in-val-di-susa","status":"publish","type":"post","link":"https:\/\/www.minicity.it\/blog\/2011\/12\/ponte-dellimmacolata-bloccato-il-turismo-in-val-di-susa\/","title":{"rendered":"Ponte dell&#8217;immacolata: bloccato il turismo in Val di Susa"},"content":{"rendered":"<p><strong><a href=\"https:\/\/www.minicity.it\/blog\/wp-content\/uploads\/2011\/12\/notav.jpg\"><img loading=\"lazy\" decoding=\"async\" class=\"alignleft size-full wp-image-2843\" title=\"notav\" src=\"https:\/\/www.minicity.it\/blog\/wp-content\/uploads\/2011\/12\/notav.jpg\" alt=\"\" width=\"200\" height=\"133\" \/><\/a>Per il ponte dell&#8217;immacolata<\/strong>, iniziato <strong>gioved\u00ec 8 dicembre<\/strong>, la Val di Susa \u00e8 praticamente irraggiungibile. Le<strong> proteste dei No Tav<\/strong>, infatti, sono scoppiate di nuovo ieri contro la costruzione dei cantieri dell&#8217;Alta Velocit\u00e0. Ieri sono stati, infatti, organizzati tre <!--more-->cortei diversi, \u00e8 stata bloccata, dell&#8217;autostrada del Frejus fin dalle 10 del mattino, sono stati chiusi gli accessi a Chiaromonte e il traffico sulle principali strade del Moncenisio e del Monginevro.<\/p>\n<p>E questo, per l&#8217;economia di una valle gi\u00e0 molto penalizzata, \u00e8 un problema: gli albergatori e i ristoratori della zona, infatti, si sono cos\u00ec visti sfumare la possibilit\u00e0 di guadagnare nel primo week end lungo delle <strong>vacanze di Natale<\/strong>, soprattutto in una stagione che non si annuncia positiva per quanto riguarda il turismo invernale a causa della scarsit\u00e0 delle nevicate in alta e bassa quota. La val di Susa \u00e8 nota perch\u00e9 \u00e8 una valle molto ricca dal punto di vista paesaggistico e montano: \u00e8 attraversata dalle Alpi Cozie e dalle Alpi Graie e divisa in due dai torrenti Dora di Bardonecchia e Cenischia. La sua punta pi\u00f9 alta \u00e8 il Rocciamelone, che arriva a toccare i 3538 metri di altitudine.<\/p>\n<p>Il movimento &#8220;No Tav&#8221; \u00e8 il movimento di protesta contro la costruzione della tratta ferroviaria &#8220;Torino-Lione&#8221;, che fa parte del &#8220;Progetto Prioritario 6&#8221; dell&#8217;Ue. Il movimento \u00e8 nato negli anni Novanta in maniera spontanea quando la popolazione della valle ha iniziato a incontrarsi per discutere del cantiere. Negli anni ci sono state diverse grosse manifestazioni, alcune anche finite in violenza, che hanno visto coinvolta spesso la popolazione e gli amministratori del territorio.<\/p>\n","protected":false},"excerpt":{"rendered":"<p>Per il ponte dell&rsquo;immacolata, iniziato gioved&igrave; 8 dicembre, la Val di Susa &egrave; praticamente irraggiungibile. Le proteste dei No Tav, infatti, sono scoppiate di nuovo ieri contro la costruzione dei cantieri dell&rsquo;Alta Velocit&agrave;. Ieri sono stati, infatti, organizzati tre<\/p>\n","protected":false},"author":5,"featured_media":0,"comment_status":"open","ping_status":"open","sticky":false,"template":"","format":"standard","meta":{"footnotes":""},"categories":[3],"tags":[5],"class_list":["post-2841","post","type-post","status-publish","format-standard","hentry","category-turismo","tag-notizie"],"aioseo_notices":[],"_links":{"self":[{"href":"https:\/\/www.minicity.it\/blog\/wp-json\/wp\/v2\/posts\/2841","targetHints":{"allow":["GET"]}}],"collection":[{"href":"https:\/\/www.minicity.it\/blog\/wp-json\/wp\/v2\/posts"}],"about":[{"href":"https:\/\/www.minicity.it\/blog\/wp-json\/wp\/v2\/types\/post"}],"author":[{"embeddable":true,"href":"https:\/\/www.minicity.it\/blog\/wp-json\/wp\/v2\/users\/5"}],"replies":[{"embeddable":true,"href":"https:\/\/www.minicity.it\/blog\/wp-json\/wp\/v2\/comments?post=2841"}],"version-history":[{"count":0,"href":"https:\/\/www.minicity.it\/blog\/wp-json\/wp\/v2\/posts\/2841\/revisions"}],"wp:attachment":[{"href":"https:\/\/www.minicity.it\/blog\/wp-json\/wp\/v2\/media?parent=2841"}],"wp:term":[{"taxonomy":"category","embeddable":true,"href":"https:\/\/www.minicity.it\/blog\/wp-json\/wp\/v2\/categories?post=2841"},{"taxonomy":"post_tag","embeddable":true,"href":"https:\/\/www.minicity.it\/blog\/wp-json\/wp\/v2\/tags?post=2841"}],"curies":[{"name":"wp","href":"https:\/\/api.w.org\/{rel}","templated":true}]}}