{"id":2865,"date":"2011-12-15T10:36:13","date_gmt":"2011-12-15T10:36:13","guid":{"rendered":"https:\/\/www.minicity.it\/blog\/?p=2865"},"modified":"2011-12-15T10:36:13","modified_gmt":"2011-12-15T10:36:13","slug":"rimini-20-dicembre-la-cerimonia-per-il-sigismondo-doro","status":"publish","type":"post","link":"https:\/\/www.minicity.it\/blog\/2011\/12\/rimini-20-dicembre-la-cerimonia-per-il-sigismondo-doro\/","title":{"rendered":"Rimini: 20 dicembre la cerimonia per il Sigismondo d&#8217;Oro"},"content":{"rendered":"<p><strong><a href=\"https:\/\/www.minicity.it\/blog\/wp-content\/uploads\/2011\/12\/sigismondodororimini.jpg\"><img loading=\"lazy\" decoding=\"async\" class=\"alignleft size-full wp-image-2866\" title=\"sigismondodororimini\" src=\"https:\/\/www.minicity.it\/blog\/wp-content\/uploads\/2011\/12\/sigismondodororimini.jpg\" alt=\"\" width=\"200\" height=\"133\" \/><\/a>Marted\u00ec 20 dicembre<\/strong> il sindaco di Rimini, Andrea Gnassi, consegner\u00e0 il <strong>Sigismondo d&#8217;oro<\/strong> per il 2011: la cerimonia sar\u00e0 aperta al pubblico e saranno presenti i rappresentanti degli enti e le associazioni cittadine, cos\u00ec come<!--more--> le massime autorit\u00e0 della citt\u00e0.<\/p>\n<p>Come ogni anno questo riconoscimento viene offerto a dei personaggi che hanno reso onore alla citt\u00e0 nel mondo. Per il 2011, a ricevere il prestigioso premio saranno in due: Gino Angelini e Paolo Rosa. Il primo \u00e8 uno chef, mentre Paolo Rosa \u00e8un artista multimediale.<\/p>\n<p>Gino Angelini, classe 1953, \u00e8 nato a San Clemente di Rimini e dal 1995 vive in California. La sua cucina \u00e8 famosa in tutto il mondo e si concentra sui prodotti del territorio e di stagione: nel 2007 ha gi\u00e0 ricevuto il Premio Artusi e ha avuto l&#8217;onore di cucinare per personaggi come Papa Giovanni Paolo II e l&#8217;ex Presidente francese Francois Mitterand. Paolo Rosa, invece, \u00e8 un 1949 e ha iniziato il suo lavoro allo Studio Azzurro, un centro di ricerca video. Ha realizzato diversi film, tra cui \u201cFacce di Festa\u201d. Ha vinto diversi premi tra cui Premio Quadriennale 1996 e il Gran Premio Transmediale di Berlino 1998.<\/p>\n<p><strong>Il Sigismondo d&#8217;Oro<\/strong> \u00e8 una targa in oro montata su un supporto in argento che raffigura Sigismondo Pandolfo Malatesta come da un bassorilievo presente all&#8217;interno del Tempio Malatestiano. Solitamente, come \u00e8 il caso di quest&#8217;anno, la cerimonia si tiene a dicembre. Quest&#8217;anno l&#8217;appuntamento \u00e8 per marted\u00ec 20 dicembre al Teatro degli Atti dalle ore 17:00. Seguir\u00e0 poi un concerto alla Chiesa del Suffragio con il coro e l&#8217;orchestra dell&#8217;Istituto musicale Lettimi.<\/p>\n","protected":false},"excerpt":{"rendered":"<p>Marted&igrave; 20 dicembre il sindaco di Rimini, Andrea Gnassi, consegner&agrave; il Sigismondo d&rsquo;oro per il 2011: la cerimonia sar&agrave; aperta al pubblico e saranno presenti i rappresentanti degli enti e le associazioni cittadine, cos&igrave; come<\/p>\n","protected":false},"author":1,"featured_media":0,"comment_status":"open","ping_status":"open","sticky":false,"template":"","format":"standard","meta":{"footnotes":""},"categories":[3],"tags":[33,10],"class_list":["post-2865","post","type-post","status-publish","format-standard","hentry","category-turismo","tag-eventi-riviera","tag-rimini"],"aioseo_notices":[],"_links":{"self":[{"href":"https:\/\/www.minicity.it\/blog\/wp-json\/wp\/v2\/posts\/2865","targetHints":{"allow":["GET"]}}],"collection":[{"href":"https:\/\/www.minicity.it\/blog\/wp-json\/wp\/v2\/posts"}],"about":[{"href":"https:\/\/www.minicity.it\/blog\/wp-json\/wp\/v2\/types\/post"}],"author":[{"embeddable":true,"href":"https:\/\/www.minicity.it\/blog\/wp-json\/wp\/v2\/users\/1"}],"replies":[{"embeddable":true,"href":"https:\/\/www.minicity.it\/blog\/wp-json\/wp\/v2\/comments?post=2865"}],"version-history":[{"count":0,"href":"https:\/\/www.minicity.it\/blog\/wp-json\/wp\/v2\/posts\/2865\/revisions"}],"wp:attachment":[{"href":"https:\/\/www.minicity.it\/blog\/wp-json\/wp\/v2\/media?parent=2865"}],"wp:term":[{"taxonomy":"category","embeddable":true,"href":"https:\/\/www.minicity.it\/blog\/wp-json\/wp\/v2\/categories?post=2865"},{"taxonomy":"post_tag","embeddable":true,"href":"https:\/\/www.minicity.it\/blog\/wp-json\/wp\/v2\/tags?post=2865"}],"curies":[{"name":"wp","href":"https:\/\/api.w.org\/{rel}","templated":true}]}}