{"id":2939,"date":"2011-12-19T10:13:00","date_gmt":"2011-12-19T10:13:00","guid":{"rendered":"https:\/\/www.minicity.it\/blog\/?p=2939"},"modified":"2011-12-19T10:13:00","modified_gmt":"2011-12-19T10:13:00","slug":"concerto-di-natale-a-senigallia","status":"publish","type":"post","link":"https:\/\/www.minicity.it\/blog\/2011\/12\/concerto-di-natale-a-senigallia\/","title":{"rendered":"Concerto di Natale a Senigallia"},"content":{"rendered":"<p><a href=\"https:\/\/www.minicity.it\/blog\/wp-content\/uploads\/2011\/12\/concertidinatale.jpg\"><img loading=\"lazy\" decoding=\"async\" class=\"alignleft size-full wp-image-2940\" title=\"concertidinatale\" src=\"https:\/\/www.minicity.it\/blog\/wp-content\/uploads\/2011\/12\/concertidinatale.jpg\" alt=\"\" width=\"200\" height=\"156\" \/><\/a>Come ogni anno a <strong>Senigallia<\/strong> si festeggia il Natale in musica. Quest&#8217;anno il tradizionale concerto di Natale si terr\u00e0 all&#8217;Auditorium Cancelli <strong>gioved\u00ec 22 dicembre alle ore 21:15<\/strong>.<\/p>\n<p>Tra le opere che verranno eseguite quest&#8217;anno troviamo <strong>&#8220;Petit Messe Solennelle&#8221;<\/strong>, per voci, pianoforte e<!--more--> harmonium che verr\u00e0 allestita da un&#8217;orchestra di cui fanno parte il soprano Ginevra Schiassi, il mezzosoprano Ilaria Sacchi, il tenore Roberto Jachini Virgili e il basso Giacomo Rocchetti. Il coro sar\u00e0 quello della &#8220;<strong>Luigi Tonini Bossi&#8221;<\/strong> con l&#8217;accompagnamento al pianoforte di Stefano Malferrari e all&#8217;harmonium Massimo Sabbatini. L&#8217;orchestra sar\u00e0 diretta dal maestro Massimo D\u2019ignazio.<\/p>\n<p>&#8220;Petit Messe Solennelle&#8221; \u00e8 una composizioni della fine del Diciannovesimo secolo che si concentra sul tema della religiosit\u00e0 e del tormento delle fede. L&#8217;autore, universalmente noto, \u00e8 Giacomo Rossini, che l&#8217;ha composta in et\u00e0 a senile a dimostrazione della riflessione sulla vita e sulla morte che tocca ogni uomo, e come una sorta di testamento spirituale del grande compositore. Si tratta di un&#8217;opera composta di quattordici diversi brani che toccano temi e generi diversi.<\/p>\n<p>Il concerto di Natale \u00e8 organizzato dall&#8217;Associazione Corale &#8220;Luigi Tonini Bossi&#8221; con il sostegno del Comune. L&#8217;Associazione Corale &#8220;Luigi Tonini Bossi&#8221; \u00e8 nata nel 1979 ma ha preso il nome attuale solo nel 1987, in memoria del compositore di Senigallia Luigi Tonini Bossi scomparso prematuramente. L&#8217;associazione ha fatto concerti in Spagna, Italia, Corsica, Ungheria, Germania e Polonia.<\/p>\n<p><strong>La prima edizione del concerto di Natale risale al 1988<\/strong>: si tratta di un grande vanto per la citt\u00e0 perch\u00e9 la sua esecuzione ha anche fatto parto della programmazione del nuovo Teatro La Fenice del 1996.<\/p>\n","protected":false},"excerpt":{"rendered":"<p>Come ogni anno a Senigallia si festeggia il Natale in musica. Quest&rsquo;anno il tradizionale concerto di Natale si terr&agrave; all&rsquo;Auditorium Cancelli gioved&igrave; 22 dicembre alle ore 21:15. Tra le opere che verranno eseguite quest&rsquo;anno troviamo &ldquo;Petit Messe Solennelle&rdquo;, per voci, pianoforte e<\/p>\n","protected":false},"author":1,"featured_media":0,"comment_status":"open","ping_status":"open","sticky":false,"template":"","format":"standard","meta":{"footnotes":""},"categories":[3],"tags":[39,32],"class_list":["post-2939","post","type-post","status-publish","format-standard","hentry","category-turismo","tag-concerti","tag-marche"],"aioseo_notices":[],"_links":{"self":[{"href":"https:\/\/www.minicity.it\/blog\/wp-json\/wp\/v2\/posts\/2939","targetHints":{"allow":["GET"]}}],"collection":[{"href":"https:\/\/www.minicity.it\/blog\/wp-json\/wp\/v2\/posts"}],"about":[{"href":"https:\/\/www.minicity.it\/blog\/wp-json\/wp\/v2\/types\/post"}],"author":[{"embeddable":true,"href":"https:\/\/www.minicity.it\/blog\/wp-json\/wp\/v2\/users\/1"}],"replies":[{"embeddable":true,"href":"https:\/\/www.minicity.it\/blog\/wp-json\/wp\/v2\/comments?post=2939"}],"version-history":[{"count":0,"href":"https:\/\/www.minicity.it\/blog\/wp-json\/wp\/v2\/posts\/2939\/revisions"}],"wp:attachment":[{"href":"https:\/\/www.minicity.it\/blog\/wp-json\/wp\/v2\/media?parent=2939"}],"wp:term":[{"taxonomy":"category","embeddable":true,"href":"https:\/\/www.minicity.it\/blog\/wp-json\/wp\/v2\/categories?post=2939"},{"taxonomy":"post_tag","embeddable":true,"href":"https:\/\/www.minicity.it\/blog\/wp-json\/wp\/v2\/tags?post=2939"}],"curies":[{"name":"wp","href":"https:\/\/api.w.org\/{rel}","templated":true}]}}