{"id":2945,"date":"2011-12-19T13:49:22","date_gmt":"2011-12-19T13:49:22","guid":{"rendered":"https:\/\/www.minicity.it\/blog\/?p=2945"},"modified":"2011-12-19T13:49:22","modified_gmt":"2011-12-19T13:49:22","slug":"presente-vivente-nel-centro-storico-di-rimini","status":"publish","type":"post","link":"https:\/\/www.minicity.it\/blog\/2011\/12\/presente-vivente-nel-centro-storico-di-rimini\/","title":{"rendered":"Presente Vivente nel centro storico di Rimini"},"content":{"rendered":"<p><a href=\"https:\/\/www.minicity.it\/blog\/wp-content\/uploads\/2011\/12\/presepeviventerimini.jpg\"><img loading=\"lazy\" decoding=\"async\" class=\"alignleft size-full wp-image-2947\" title=\"presepeviventerimini\" src=\"https:\/\/www.minicity.it\/blog\/wp-content\/uploads\/2011\/12\/presepeviventerimini.jpg\" alt=\"\" width=\"200\" height=\"149\" \/><\/a>Nella giornata di ieri il centro storico di Rimini si \u00e8 animato con il presepe vivente organizzato dalle scuole Karis&#8230;<\/p>\n<p><strong>RIMINI.<\/strong> Il centro storico di Rimini si \u00e8 riempito di bambini nelle giornata di ieri per festeggiare le feste natalizie dando valore<!--more--> al momento della Nascita di Ges\u00f9 Bambino. A partecipare sono stati circa un migliaio di bimbi delle scuole di Rimini.<\/p>\n<p>Un evento che ha trasformato l&#8217;Arco d&#8217;Augusto in una piccola Betlemme tornando indietro di due mila anni fa con piccoli artigiani, soldati, pastori, bancherelle, viveri di ogni genere. Dall&#8217;arco di Augusto la folla \u00e8 arrivata fino al Tempio Malatestiano dove i piccoli pastori hanno celebrato la nascit\u00e0 di Ges\u00f9 cantando.<\/p>\n","protected":false},"excerpt":{"rendered":"<p>Nella giornata di ieri il centro storico di Rimini si &egrave; animato con il presepe vivente organizzato dalle scuole Karis&hellip; RIMINI. Il centro storico di Rimini si &egrave; riempito di bambini nelle giornata di ieri per festeggiare le feste natalizie dando valore<\/p>\n","protected":false},"author":1,"featured_media":0,"comment_status":"open","ping_status":"open","sticky":false,"template":"","format":"standard","meta":{"footnotes":""},"categories":[3],"tags":[33,10],"class_list":["post-2945","post","type-post","status-publish","format-standard","hentry","category-turismo","tag-eventi-riviera","tag-rimini"],"aioseo_notices":[],"_links":{"self":[{"href":"https:\/\/www.minicity.it\/blog\/wp-json\/wp\/v2\/posts\/2945","targetHints":{"allow":["GET"]}}],"collection":[{"href":"https:\/\/www.minicity.it\/blog\/wp-json\/wp\/v2\/posts"}],"about":[{"href":"https:\/\/www.minicity.it\/blog\/wp-json\/wp\/v2\/types\/post"}],"author":[{"embeddable":true,"href":"https:\/\/www.minicity.it\/blog\/wp-json\/wp\/v2\/users\/1"}],"replies":[{"embeddable":true,"href":"https:\/\/www.minicity.it\/blog\/wp-json\/wp\/v2\/comments?post=2945"}],"version-history":[{"count":0,"href":"https:\/\/www.minicity.it\/blog\/wp-json\/wp\/v2\/posts\/2945\/revisions"}],"wp:attachment":[{"href":"https:\/\/www.minicity.it\/blog\/wp-json\/wp\/v2\/media?parent=2945"}],"wp:term":[{"taxonomy":"category","embeddable":true,"href":"https:\/\/www.minicity.it\/blog\/wp-json\/wp\/v2\/categories?post=2945"},{"taxonomy":"post_tag","embeddable":true,"href":"https:\/\/www.minicity.it\/blog\/wp-json\/wp\/v2\/tags?post=2945"}],"curies":[{"name":"wp","href":"https:\/\/api.w.org\/{rel}","templated":true}]}}