{"id":2958,"date":"2012-01-09T10:25:18","date_gmt":"2012-01-09T10:25:18","guid":{"rendered":"https:\/\/www.minicity.it\/blog\/?p=2958"},"modified":"2012-01-09T10:25:18","modified_gmt":"2012-01-09T10:25:18","slug":"rimini-continua-il-dibatitto-sul-capodanno","status":"publish","type":"post","link":"https:\/\/www.minicity.it\/blog\/2012\/01\/rimini-continua-il-dibatitto-sul-capodanno\/","title":{"rendered":"Rimini: continua il dibatitto sul Capodanno"},"content":{"rendered":"<p><strong><a href=\"https:\/\/www.minicity.it\/blog\/wp-content\/uploads\/2011\/09\/capodanno-rosa2012.jpg\"><img loading=\"lazy\" decoding=\"async\" class=\"alignleft size-full wp-image-1572\" title=\"capodanno-rosa2012\" src=\"https:\/\/www.minicity.it\/blog\/wp-content\/uploads\/2011\/09\/capodanno-rosa2012.jpg\" alt=\"\" width=\"200\" height=\"139\" \/><\/a>Il Capodanno 2011<\/strong> \u00e8 ormai passato ma continua il dibattito, spesso anche polemico, che ha toccato e che tocca ancora, la citt\u00e0 di <strong>Rimini<\/strong>. Il Capodanno appena trascorso, infatti, \u00e8 stato il primo, dopo diversi anni a questa parte, senza la diretta Rai. A causa della <!--more-->crisi l&#8217;amministrazione comunale ha infatti deciso di rinunciare allo spettacolo Rai &#8220;L&#8217;anno che verr\u00e0&#8221; a causa del costo: ben 800 mila euro.<\/p>\n<p>Con meno della met\u00e0, circa 200 mila, Rimini ha avuto il suo primo &#8220;<a href=\"https:\/\/www.minicity.it\/ita\/rimini\/capodanno-rimini\/index.html\" target=\"_blank\">Capodanno pi\u00f9 lungo del mondo<\/a>&#8220;: nel periodo compreso tra Natale e l&#8217;Epifania, infatti, a Rimini si sono svolti (o si svolgeranno) diversi spettacoli, circa 50 (concerti, performance, mostre, eventi) allo scopo di animare la citt\u00e0 e non fare sentire la mancanza dell&#8217;evento Rai. Il main event di quest&#8217;anno \u00e8 stato il concerto di Franco Battiato che si \u00e8 tenuto in piazzale Fellini la notte di San Silvestro.<\/p>\n<p>Per l&#8217;amministrazione comunale il nuovo evento e il nuovo stile hanno anche lo scopo di destagionalizzare al massimo il turismo in citt\u00e0: da diversi anni infatti si lavora per rendere Rimini una citt\u00e0 di attrazione durante tutto l&#8217;anno, in modo da fare del turismo un&#8217;industria sempre attiva. Secondo Andrea Gnassi, nonostante la crisi e il periodo difficile, i cittadini e gli esercenti di Rimini hanno capito la scelta dell&#8217;Amministrazione.<\/p>\n<p>Per spiegarsi il sindaco ha diffuso, lo scorso 5 gennaio, un comunicato stampa in cui rispondeva direttamente al dibattito &#8220;post-Capodanno&#8221;: secondo Gnassi, vista la crisi, la maggior parte degli italiani ha passato la notte del 31 dicembre in casa. Per questo in molti hanno apprezzato la scelta dell&#8217;amministrazione. E, per Gnassi, il Capodanno \u00e8 stato un successo: oltre 40 mila persone in citt\u00e0 e nei comuni circostanti hanno goduto dell&#8217;offerta culturale proposta. Per alcuni operatori \u00e8 stato un successo (sopratutto la formula &#8220;pensione completa&#8221;), mentre altri hanno registrato un calo del 30% delle presenze. Secondo il sindaco \u00e8 stato premiato chi ha scelto proposte innovative, veloci e fatte dialogando con la clientela. Insomma, per Gnassi la parola d&#8217;ordine \u00e8 &#8220;cambiamento&#8221;, degli stili, dei modelli e delle proposte turistiche, in modo che Rimini resti protagonista di questo settore.<\/p>\n","protected":false},"excerpt":{"rendered":"<p>Il Capodanno 2011 &egrave; ormai passato ma continua il dibattito, spesso anche polemico, che ha toccato e che tocca ancora, la citt&agrave; di Rimini. Il Capodanno appena trascorso, infatti, &egrave; stato il primo, dopo diversi anni a questa parte, senza la diretta Rai. A causa della<\/p>\n","protected":false},"author":1,"featured_media":0,"comment_status":"open","ping_status":"open","sticky":false,"template":"","format":"standard","meta":{"footnotes":""},"categories":[3],"tags":[53,5],"class_list":["post-2958","post","type-post","status-publish","format-standard","hentry","category-turismo","tag-capodanno-rimini","tag-notizie"],"aioseo_notices":[],"_links":{"self":[{"href":"https:\/\/www.minicity.it\/blog\/wp-json\/wp\/v2\/posts\/2958","targetHints":{"allow":["GET"]}}],"collection":[{"href":"https:\/\/www.minicity.it\/blog\/wp-json\/wp\/v2\/posts"}],"about":[{"href":"https:\/\/www.minicity.it\/blog\/wp-json\/wp\/v2\/types\/post"}],"author":[{"embeddable":true,"href":"https:\/\/www.minicity.it\/blog\/wp-json\/wp\/v2\/users\/1"}],"replies":[{"embeddable":true,"href":"https:\/\/www.minicity.it\/blog\/wp-json\/wp\/v2\/comments?post=2958"}],"version-history":[{"count":0,"href":"https:\/\/www.minicity.it\/blog\/wp-json\/wp\/v2\/posts\/2958\/revisions"}],"wp:attachment":[{"href":"https:\/\/www.minicity.it\/blog\/wp-json\/wp\/v2\/media?parent=2958"}],"wp:term":[{"taxonomy":"category","embeddable":true,"href":"https:\/\/www.minicity.it\/blog\/wp-json\/wp\/v2\/categories?post=2958"},{"taxonomy":"post_tag","embeddable":true,"href":"https:\/\/www.minicity.it\/blog\/wp-json\/wp\/v2\/tags?post=2958"}],"curies":[{"name":"wp","href":"https:\/\/api.w.org\/{rel}","templated":true}]}}