{"id":2976,"date":"2012-01-10T13:14:16","date_gmt":"2012-01-10T13:14:16","guid":{"rendered":"https:\/\/www.minicity.it\/blog\/?p=2976"},"modified":"2012-01-10T13:14:16","modified_gmt":"2012-01-10T13:14:16","slug":"lemilia-romagna-si-lancia-sul-mercato-tedesco","status":"publish","type":"post","link":"https:\/\/www.minicity.it\/blog\/2012\/01\/lemilia-romagna-si-lancia-sul-mercato-tedesco\/","title":{"rendered":"L&#8217;Emilia-Romagna si lancia sul mercato tedesco"},"content":{"rendered":"<p><a href=\"https:\/\/www.minicity.it\/blog\/wp-content\/uploads\/2012\/01\/turismoemiliaromagnatedesco.jpg\"><img loading=\"lazy\" decoding=\"async\" class=\"alignleft size-full wp-image-2978\" title=\"turismoemiliaromagnatedesco\" src=\"https:\/\/www.minicity.it\/blog\/wp-content\/uploads\/2012\/01\/turismoemiliaromagnatedesco.jpg\" alt=\"\" width=\"200\" height=\"139\" \/><\/a>Continua lo sforzo di promozione turistica messo in campo dalla <strong>Regione Emilia-Romagna<\/strong>. Da oggi (e fino al 15 gennaio prossimo) infatti la regione sar\u00e0 protagonista della <strong>fiera<\/strong> \u201c <strong>Vakantiebeurs<\/strong>\u201d a <strong>Utrecht<\/strong> (citt\u00e0 dei Paesi Bassi) con ben 12 operatori turisti <!--more-->emiliano-romagnoli che presenteranno agli olandesi, e ai buyer in arrivo da tutta Europa, cosa la regione ha da offrire in termini di fine settimana al mare, in montagna, nelle localit\u00e0 termali e montane.<\/p>\n<p>In quasi contemporanea, inoltre, altri operatori delle Regione saranno a Stoccarda (Germania), i prossimi 14 e 15 gennaio, per la famosa \u201cFahrrad und Erlebnisreisen\u201d, la fiera specializzata per gli amanti del cicloturismo e dell&#8217;escursionismo montano.<\/p>\n<p>La presenza della Regione Emilia-Romagna in questi due importanti eventi internazionali \u00e8 dovuto al grande impegno profuso da Apt Servizi (<strong>www.aptservizi.com<\/strong>), il braccio della Regione che si occupa della promozione del turismo: quest&#8217;anno lo scopo dell&#8217;agenzia sar\u00e0 quello di promuovere l&#8217;offerta regionale per quanto riguarda il turismo famigliare, a quello sportivo, a quello eno-gastronomico (la regione ha anche attivato due bandi per sostenere progetti di questo tipo) e, infine, a quello dedicato alla terza et\u00e0.<\/p>\n<p>Da questo punto di vista Apt Servizi ha gi\u00e0 in cantiere alcune proposte concrete che verrano lanciate nei mesi a venire. In Germania \u00e8 prevista una promozione fatta in collaborazione con Decathlon Germania: verrano proposti pacchetti vacanza per le famiglie che sono titolari della carta fedelt\u00e0 legati al turismo sportivo; allo stesso tempo con la Bmw \u00e8 in programma una promozione riservata ai dipendenti senior. Insomma, grandi novit\u00e0 che fanno prevedere grandi arrivi, soprattutto dalla Germania.<\/p>\n","protected":false},"excerpt":{"rendered":"<p>Continua lo sforzo di promozione turistica messo in campo dalla Regione Emilia-Romagna. Da oggi (e fino al 15 gennaio prossimo) infatti la regione sar&agrave; protagonista della fiera &ldquo; Vakantiebeurs&rdquo; a Utrecht (citt&agrave; dei Paesi Bassi) con ben 12 operatori turisti<\/p>\n","protected":false},"author":1,"featured_media":0,"comment_status":"open","ping_status":"open","sticky":false,"template":"","format":"standard","meta":{"footnotes":""},"categories":[3],"tags":[52,5],"class_list":["post-2976","post","type-post","status-publish","format-standard","hentry","category-turismo","tag-fiere-turismo","tag-notizie"],"aioseo_notices":[],"_links":{"self":[{"href":"https:\/\/www.minicity.it\/blog\/wp-json\/wp\/v2\/posts\/2976","targetHints":{"allow":["GET"]}}],"collection":[{"href":"https:\/\/www.minicity.it\/blog\/wp-json\/wp\/v2\/posts"}],"about":[{"href":"https:\/\/www.minicity.it\/blog\/wp-json\/wp\/v2\/types\/post"}],"author":[{"embeddable":true,"href":"https:\/\/www.minicity.it\/blog\/wp-json\/wp\/v2\/users\/1"}],"replies":[{"embeddable":true,"href":"https:\/\/www.minicity.it\/blog\/wp-json\/wp\/v2\/comments?post=2976"}],"version-history":[{"count":0,"href":"https:\/\/www.minicity.it\/blog\/wp-json\/wp\/v2\/posts\/2976\/revisions"}],"wp:attachment":[{"href":"https:\/\/www.minicity.it\/blog\/wp-json\/wp\/v2\/media?parent=2976"}],"wp:term":[{"taxonomy":"category","embeddable":true,"href":"https:\/\/www.minicity.it\/blog\/wp-json\/wp\/v2\/categories?post=2976"},{"taxonomy":"post_tag","embeddable":true,"href":"https:\/\/www.minicity.it\/blog\/wp-json\/wp\/v2\/tags?post=2976"}],"curies":[{"name":"wp","href":"https:\/\/api.w.org\/{rel}","templated":true}]}}