{"id":2982,"date":"2012-01-10T13:37:54","date_gmt":"2012-01-10T13:37:54","guid":{"rendered":"https:\/\/www.minicity.it\/blog\/?p=2982"},"modified":"2012-01-10T13:37:54","modified_gmt":"2012-01-10T13:37:54","slug":"turismo-a-ravenna-e-arrivato-il-nuovo-portale","status":"publish","type":"post","link":"https:\/\/www.minicity.it\/blog\/2012\/01\/turismo-a-ravenna-e-arrivato-il-nuovo-portale\/","title":{"rendered":"Turismo a Ravenna: \u00e8 arrivato il nuovo portale"},"content":{"rendered":"<p><strong><a href=\"https:\/\/www.minicity.it\/blog\/wp-content\/uploads\/2012\/01\/ravennasito.jpg\"><img loading=\"lazy\" decoding=\"async\" class=\"alignleft size-full wp-image-2985\" title=\"ravennasito\" src=\"https:\/\/www.minicity.it\/blog\/wp-content\/uploads\/2012\/01\/ravennasito.jpg\" alt=\"\" width=\"200\" height=\"150\" \/><\/a>La provincia di Ravenna<\/strong> ha, dalla settimana scorsa, un <strong>nuovo sito dedicato al turismo<\/strong> e alle attivit\u00e0 del territorio: si tratta di <strong>www.ravennaintorno.it<\/strong>, un nuovo portale pensato per poter interagire meglio, sia con i turisti che arrivano nella citt\u00e0 romagnola, sia con gli operatori <!--more-->del settore, in modo che possano promuovere e far conoscere in maniera pi\u00f9 chiara e agevole le loro iniziative.<\/p>\n<p><strong>Cosa cambia rispetto al vecchi sito Web?<\/strong> Intanto la grafica \u00e8 pi\u00f9 elegante e accattivante. Poi il portale \u00e8 chiaramente diviso, sulla destra del sito, per aree di interesse (Ravenna, mare, cultura, parchi e natura , enogastronomia, terme e sport) e per \u201cconsigli\u201d nella colonna centrale (dove dormire, cosa vedere e le nostre proposte). Nella colonna di sinistra, invece, resta uno spazio nel quale vengono inserite notizie e appuntamenti.<\/p>\n<p>www.ravennaintorno.it <strong>\u00e8 pensato<\/strong>, infatti, per dare al visitatore una panoramica completa e chiara di tutto quello che la citt\u00e0 di Ravenna e la sua provincia offrono in termini di attivit\u00e0 ricreative (concerti, spettacoli, festival, rassegne&#8230;), eno-gastronomia e strutture ricettive. Il sito \u00e8 stato presentato al pubblico da Claudio Casadio, presidente della Provincia di Ravenna, che ha sottolineato come il web oggi sia una risorsa fondamentale per il turismo e la sua promozione: le ricerche dicono, infatti, che il 60% di coloro che partono in vacanza oggi lo fanno attraverso la Rete.<\/p>\n<p><strong>Lo scopo<\/strong> di www.ravennaintorno.it \u00e8 ora quello di creare una rete integrata di informazioni turistiche sul territorio ravennate in primis, e poi su scala regionale, attraverso la rete del SiTuR. (Sistema Turistico Regionale) e gli operatori su tutta la regione.<\/p>\n","protected":false},"excerpt":{"rendered":"<p>La provincia di Ravenna ha, dalla settimana scorsa, un nuovo sito dedicato al turismo e alle attivit&agrave; del territorio: si tratta di www.ravennaintorno.it, un nuovo portale pensato per poter interagire meglio, sia con i turisti che arrivano nella citt&agrave; romagnola, sia con gli operatori<\/p>\n","protected":false},"author":6,"featured_media":0,"comment_status":"open","ping_status":"open","sticky":false,"template":"","format":"standard","meta":{"footnotes":""},"categories":[3],"tags":[5],"class_list":["post-2982","post","type-post","status-publish","format-standard","hentry","category-turismo","tag-notizie"],"aioseo_notices":[],"_links":{"self":[{"href":"https:\/\/www.minicity.it\/blog\/wp-json\/wp\/v2\/posts\/2982","targetHints":{"allow":["GET"]}}],"collection":[{"href":"https:\/\/www.minicity.it\/blog\/wp-json\/wp\/v2\/posts"}],"about":[{"href":"https:\/\/www.minicity.it\/blog\/wp-json\/wp\/v2\/types\/post"}],"author":[{"embeddable":true,"href":"https:\/\/www.minicity.it\/blog\/wp-json\/wp\/v2\/users\/6"}],"replies":[{"embeddable":true,"href":"https:\/\/www.minicity.it\/blog\/wp-json\/wp\/v2\/comments?post=2982"}],"version-history":[{"count":0,"href":"https:\/\/www.minicity.it\/blog\/wp-json\/wp\/v2\/posts\/2982\/revisions"}],"wp:attachment":[{"href":"https:\/\/www.minicity.it\/blog\/wp-json\/wp\/v2\/media?parent=2982"}],"wp:term":[{"taxonomy":"category","embeddable":true,"href":"https:\/\/www.minicity.it\/blog\/wp-json\/wp\/v2\/categories?post=2982"},{"taxonomy":"post_tag","embeddable":true,"href":"https:\/\/www.minicity.it\/blog\/wp-json\/wp\/v2\/tags?post=2982"}],"curies":[{"name":"wp","href":"https:\/\/api.w.org\/{rel}","templated":true}]}}