{"id":2989,"date":"2012-01-10T15:51:48","date_gmt":"2012-01-10T15:51:48","guid":{"rendered":"https:\/\/www.minicity.it\/blog\/?p=2989"},"modified":"2012-01-10T15:51:48","modified_gmt":"2012-01-10T15:51:48","slug":"turismo-invernale-un-calo-del-18-per-le-agenzie-di-viaggio","status":"publish","type":"post","link":"https:\/\/www.minicity.it\/blog\/2012\/01\/turismo-invernale-un-calo-del-18-per-le-agenzie-di-viaggio\/","title":{"rendered":"Turismo invernale: un calo del 18% per le agenzie di viaggio"},"content":{"rendered":"<p><a href=\"https:\/\/www.minicity.it\/blog\/wp-content\/uploads\/2011\/11\/turismoalpino.jpg\"><img loading=\"lazy\" decoding=\"async\" class=\"alignleft size-full wp-image-2487\" title=\"turismoalpino\" src=\"https:\/\/www.minicity.it\/blog\/wp-content\/uploads\/2011\/11\/turismoalpino.jpg\" alt=\"\" width=\"200\" height=\"135\" \/><\/a>Gli affari per gli operatori del turismo sono andati male durante le vacanze. Lo dice un&#8217;analisi pubblicata da Federviaggio, la Federazione del turismo organizzato aderente a Confcommercio, quella cio\u00e8 che mette insieme le agenzia di viaggio e i tour operator. Secondo Federviaggio <!--more-->le festivit\u00e0 Natalizie del 2011 hanno registrato un calo del 18% del fatturato degli operatori che vendono, appunto, viaggi. E il calo riguarda sia le mete italiane che quelle estere. Alberto Corti, direttore di Federviaggio, definisce questa contrazione \u201cpesante\u201d: facendo due calcoli si tratta, infatti, di 400-450 mila persone in meno in viaggio rispetto allo stesso periodo del 2011.<\/p>\n<p>Questa contrazione \u00e8 dovuta a due ragioni sostanziali: la prima \u00e8 la crisi che sta toccando tutti in Italia. Le vacanza e il superfluo vengono ridotti, a beneficio di viaggi pi\u00f9 brevi o, magari, pi\u00f9 vicini. Il secondo aspetto \u00e8 la scarsit\u00e0 della neve. L&#8217;inverno 2011-2012 \u00e8 infatti troppo mite e questo ha delle conseguenze pesanti su coloro che della neve fanno un lavoro. A confermare questa tendenza da un lato c&#8217;\u00e8 Roberto Cota, governatore del Piemonte, che parla di chiudere le piste e, dall&#8217;altro, Sandro Lazzari, presidente di Anef (Associazione nazionale esercenti funiviari) che spiega che non fa neanche abbastanza freddo per poter sparare la neve artificialmente.<\/p>\n<p>In Italia, infatti, degli oltre 1000 chilometri di piste da sci, solo su 400 quest&#8217;inverno si \u00e8 sciato. E, purtroppo, spiegano gli operatori, queste perdite non si recuperano pi\u00f9. In generale si \u00e8 calcolato un calo del volume di spesa del 10%. Le zone che hanno sofferto di pi\u00f9 la crisi? Il Piemonte e il Trentino Alto Adige. Sono andate bene le localit\u00e0 pi\u00f9 calde, come Roma, e Napoli, oppure le citt\u00e0 d&#8217;arte come Torino.<\/p>\n","protected":false},"excerpt":{"rendered":"<p>Gli affari per gli operatori del turismo sono andati male durante le vacanze. Lo dice un&rsquo;analisi pubblicata da Federviaggio, la Federazione del turismo organizzato aderente a Confcommercio, quella cio&egrave; che mette insieme le agenzia di viaggio e i tour operator. Secondo Federviaggio<\/p>\n","protected":false},"author":7,"featured_media":0,"comment_status":"open","ping_status":"open","sticky":false,"template":"","format":"standard","meta":{"footnotes":""},"categories":[3],"tags":[5,44],"class_list":["post-2989","post","type-post","status-publish","format-standard","hentry","category-turismo","tag-notizie","tag-statistiche"],"aioseo_notices":[],"_links":{"self":[{"href":"https:\/\/www.minicity.it\/blog\/wp-json\/wp\/v2\/posts\/2989","targetHints":{"allow":["GET"]}}],"collection":[{"href":"https:\/\/www.minicity.it\/blog\/wp-json\/wp\/v2\/posts"}],"about":[{"href":"https:\/\/www.minicity.it\/blog\/wp-json\/wp\/v2\/types\/post"}],"author":[{"embeddable":true,"href":"https:\/\/www.minicity.it\/blog\/wp-json\/wp\/v2\/users\/7"}],"replies":[{"embeddable":true,"href":"https:\/\/www.minicity.it\/blog\/wp-json\/wp\/v2\/comments?post=2989"}],"version-history":[{"count":0,"href":"https:\/\/www.minicity.it\/blog\/wp-json\/wp\/v2\/posts\/2989\/revisions"}],"wp:attachment":[{"href":"https:\/\/www.minicity.it\/blog\/wp-json\/wp\/v2\/media?parent=2989"}],"wp:term":[{"taxonomy":"category","embeddable":true,"href":"https:\/\/www.minicity.it\/blog\/wp-json\/wp\/v2\/categories?post=2989"},{"taxonomy":"post_tag","embeddable":true,"href":"https:\/\/www.minicity.it\/blog\/wp-json\/wp\/v2\/tags?post=2989"}],"curies":[{"name":"wp","href":"https:\/\/api.w.org\/{rel}","templated":true}]}}