{"id":3014,"date":"2012-01-13T09:57:07","date_gmt":"2012-01-13T09:57:07","guid":{"rendered":"https:\/\/www.minicity.it\/blog\/?p=3014"},"modified":"2012-01-13T09:57:21","modified_gmt":"2012-01-13T09:57:21","slug":"marco-mengoni-in-concerto-a-rimini","status":"publish","type":"post","link":"https:\/\/www.minicity.it\/blog\/2012\/01\/marco-mengoni-in-concerto-a-rimini\/","title":{"rendered":"Marco Mengoni in concerto a Rimini"},"content":{"rendered":"<p><a href=\"https:\/\/www.minicity.it\/blog\/wp-content\/uploads\/2012\/01\/marcomengonirimini.jpg\"><img loading=\"lazy\" decoding=\"async\" class=\"alignleft size-full wp-image-3015\" title=\"marcomengonirimini\" src=\"https:\/\/www.minicity.it\/blog\/wp-content\/uploads\/2012\/01\/marcomengonirimini.jpg\" alt=\"\" width=\"200\" height=\"166\" \/><\/a>Il <strong>4 febbraio prossimo Rimini<\/strong> ospiter\u00e0 un altro grande evento musicale al 105 Stadium.<\/p>\n<p>Si tratta del <strong>concerto di Marco Mengoni<\/strong>: la star della musica italiana uscita dalla scuola di X Factor e poi vincitore del Festival di San <!--more-->Remo (terzo classificato) del 2010. Mengoni, classe 1988, \u00e8 un giovane artista che \u00e8 stato scelto dal cantante Morgan per partecipare a X Factor nel 2009. Ne \u00e8 uscito vincitore, con un contratto con la Sony Music del valore di 300 mila euro. L&#8217;anno successivo, oltre al gi\u00e0 menzionato San Remo, ha vinto anche il premio della critica. Il suo primo disco, \u201cRe Matto\u201d, ha vinto il disco di platino per le oltre 60 mila copie vendute.<\/p>\n<p>Un altro grande risultato di Mengoni \u00e8 quello di aver vinto il Best Italian Act degli MTV Europe Music Awards 2010, primo italiano ad averlo ottenuto. Mengoni oggi ha all&#8217;attivo solo due album \u2013 il secondo \u00e8 uscito alla fine del 2010 con il titolo \u201cSolo 2.0\u201d \u2013 ma una fama gi\u00e0 degna di una grande star. Sempre nel 2011 il giovane ha anche partecipato all&#8217;ultimo disco di Lucio Dalla, duettando con il celebre cantante bolognese nel brano \u201cMeri Luis\u201d. Girano molte voci, mai smentite, sull&#8217;orientamente sessuale dell&#8217;artista, a causa di un brano di Fabri Fibra, nel quale si parla della sua omossessualit\u00e0.<\/p>\n<p><strong>L&#8217;appuntamento con Marco Mengoni<\/strong> e il suo \u201cSolo 2.0 Tour\u201d\u00e8 quindi per il prossimo sabato 4 febbraio dalle ore 21 al 105 Stadium. I biglietti sono gi\u00e0 in prevendita e il prezzo parte da 28 euro.<\/p>\n","protected":false},"excerpt":{"rendered":"<p>Il 4 febbraio prossimo Rimini ospiter&agrave; un altro grande evento musicale al 105 Stadium. Si tratta del concerto di Marco Mengoni: la star della musica italiana uscita dalla scuola di X Factor e poi vincitore del Festival di San<\/p>\n","protected":false},"author":1,"featured_media":0,"comment_status":"open","ping_status":"open","sticky":false,"template":"","format":"standard","meta":{"footnotes":""},"categories":[3],"tags":[39,10],"class_list":["post-3014","post","type-post","status-publish","format-standard","hentry","category-turismo","tag-concerti","tag-rimini"],"aioseo_notices":[],"_links":{"self":[{"href":"https:\/\/www.minicity.it\/blog\/wp-json\/wp\/v2\/posts\/3014","targetHints":{"allow":["GET"]}}],"collection":[{"href":"https:\/\/www.minicity.it\/blog\/wp-json\/wp\/v2\/posts"}],"about":[{"href":"https:\/\/www.minicity.it\/blog\/wp-json\/wp\/v2\/types\/post"}],"author":[{"embeddable":true,"href":"https:\/\/www.minicity.it\/blog\/wp-json\/wp\/v2\/users\/1"}],"replies":[{"embeddable":true,"href":"https:\/\/www.minicity.it\/blog\/wp-json\/wp\/v2\/comments?post=3014"}],"version-history":[{"count":0,"href":"https:\/\/www.minicity.it\/blog\/wp-json\/wp\/v2\/posts\/3014\/revisions"}],"wp:attachment":[{"href":"https:\/\/www.minicity.it\/blog\/wp-json\/wp\/v2\/media?parent=3014"}],"wp:term":[{"taxonomy":"category","embeddable":true,"href":"https:\/\/www.minicity.it\/blog\/wp-json\/wp\/v2\/categories?post=3014"},{"taxonomy":"post_tag","embeddable":true,"href":"https:\/\/www.minicity.it\/blog\/wp-json\/wp\/v2\/tags?post=3014"}],"curies":[{"name":"wp","href":"https:\/\/api.w.org\/{rel}","templated":true}]}}