{"id":3028,"date":"2012-01-16T11:54:22","date_gmt":"2012-01-16T11:54:22","guid":{"rendered":"https:\/\/www.minicity.it\/blog\/?p=3028"},"modified":"2012-01-16T11:54:22","modified_gmt":"2012-01-16T11:54:22","slug":"rimini-albergatori-in-piazza-contro-la-tassa-di-soggiorno","status":"publish","type":"post","link":"https:\/\/www.minicity.it\/blog\/2012\/01\/rimini-albergatori-in-piazza-contro-la-tassa-di-soggiorno\/","title":{"rendered":"Rimini: albergatori in piazza contro la tassa di soggiorno"},"content":{"rendered":"<p><strong><a href=\"https:\/\/www.minicity.it\/blog\/wp-content\/uploads\/2012\/01\/tassasoggiorno.jpg\"><img loading=\"lazy\" decoding=\"async\" class=\"alignleft size-full wp-image-3030\" title=\"tassasoggiorno\" src=\"https:\/\/www.minicity.it\/blog\/wp-content\/uploads\/2012\/01\/tassasoggiorno.jpg\" alt=\"\" width=\"200\" height=\"136\" \/><\/a>In Emilia-Romagna<\/strong> continua la lotta contro la <strong>tassa di soggiorno<\/strong>. Dopo la protesta dell&#8217;Associazione Albergatori di Riccione (Aia) di gioved\u00ec scorso, continuano le polemiche e gli albergatori scendono in piazza anche a Rimini. E questa volta si tratta della Consulta turismo Emilia <!--more-->Romagna di Confcommercio che ha chiesto, venerd\u00ec scorso a gran voce, di non applicare la tassa di soggiorno.<\/p>\n<p>La Consulta di Confcommercio mette insieme tutte le sigle confederali (Federalberghi, Fipe, Faita, Fiavet) degli esercenti del turismo: insieme, sventolando cartelli, hanno intimato a Vasco Errani, presidente della Regione, che la consulta, se la tassa verr\u00e0 applicata, usciranno da tutti i tavoli di concertazione istituzionali, a partire da APT.<\/p>\n<p>La Regione Emilia-Romagna, infatti, negli ultimi mesi ha lavorato per far s\u00ec che l&#8217;applicazione di questo balzello (che andr\u00e0 a toccare il portafogli dei turisti, che si vedranno aumentare il costo del loro albergo) sia il pi\u00f9 omogenea possibile su tutto il territorio regione. In molti, tra comuni e citt\u00e0, hanno fatto sapere di essere d&#8217;accordo: Rimini e Riccione in primis, Bellaria Igea Marina ha detto no, cos\u00ec come Cesenatico e Ferrara.<\/p>\n<p>Il rischio \u00e8 di avere molta concorrenza anche sul territorio stesso. Gli albergatori, da parte loro, rispondono che l&#8217;Imu (Imposta sugli immobili) sarebbe da sola sufficiente a colmare il vuoto di bilancio di molte amministrazioni; inoltre, se cos\u00ec non fosse, si dicono pronti a pagare tasse pi\u00f9 alte sugli immobili. Fondamentale? Per gli albergatori \u00e8 essenziale non andare a toccare il costo per il turista, che tra aumenti di Iva, benzina e tutto il resto, sta gi\u00e0 rinunciando alle proprie vacanze.<\/p>\n","protected":false},"excerpt":{"rendered":"<p>In Emilia-Romagna continua la lotta contro la tassa di soggiorno. Dopo la protesta dell&rsquo;Associazione Albergatori di Riccione (Aia) di gioved&igrave; scorso, continuano le polemiche e gli albergatori scendono in piazza anche a Rimini. E questa volta si tratta della Consulta turismo Emilia<\/p>\n","protected":false},"author":7,"featured_media":0,"comment_status":"open","ping_status":"open","sticky":false,"template":"","format":"standard","meta":{"footnotes":""},"categories":[3],"tags":[5,10],"class_list":["post-3028","post","type-post","status-publish","format-standard","hentry","category-turismo","tag-notizie","tag-rimini"],"aioseo_notices":[],"_links":{"self":[{"href":"https:\/\/www.minicity.it\/blog\/wp-json\/wp\/v2\/posts\/3028","targetHints":{"allow":["GET"]}}],"collection":[{"href":"https:\/\/www.minicity.it\/blog\/wp-json\/wp\/v2\/posts"}],"about":[{"href":"https:\/\/www.minicity.it\/blog\/wp-json\/wp\/v2\/types\/post"}],"author":[{"embeddable":true,"href":"https:\/\/www.minicity.it\/blog\/wp-json\/wp\/v2\/users\/7"}],"replies":[{"embeddable":true,"href":"https:\/\/www.minicity.it\/blog\/wp-json\/wp\/v2\/comments?post=3028"}],"version-history":[{"count":0,"href":"https:\/\/www.minicity.it\/blog\/wp-json\/wp\/v2\/posts\/3028\/revisions"}],"wp:attachment":[{"href":"https:\/\/www.minicity.it\/blog\/wp-json\/wp\/v2\/media?parent=3028"}],"wp:term":[{"taxonomy":"category","embeddable":true,"href":"https:\/\/www.minicity.it\/blog\/wp-json\/wp\/v2\/categories?post=3028"},{"taxonomy":"post_tag","embeddable":true,"href":"https:\/\/www.minicity.it\/blog\/wp-json\/wp\/v2\/tags?post=3028"}],"curies":[{"name":"wp","href":"https:\/\/api.w.org\/{rel}","templated":true}]}}