{"id":3039,"date":"2012-01-17T10:13:09","date_gmt":"2012-01-17T10:13:09","guid":{"rendered":"https:\/\/www.minicity.it\/blog\/?p=3039"},"modified":"2012-01-17T10:13:09","modified_gmt":"2012-01-17T10:13:09","slug":"giulio-cesare-sul-rubicone-una-mostra-a-savignano","status":"publish","type":"post","link":"https:\/\/www.minicity.it\/blog\/2012\/01\/giulio-cesare-sul-rubicone-una-mostra-a-savignano\/","title":{"rendered":"Giulio Cesare sul Rubicone: una mostra a Savignano"},"content":{"rendered":"<p><strong><img loading=\"lazy\" decoding=\"async\" class=\"alignleft size-full wp-image-3040\" title=\"giuliocesare\" src=\"https:\/\/www.minicity.it\/blog\/wp-content\/uploads\/2012\/01\/giuliocesare.jpg\" alt=\"\" width=\"200\" height=\"171\" \/>Da venerd\u00ec 14 gennaio<\/strong> scorso a <strong>Savignano sul Rubicone<\/strong> \u00e8 possibile ammirare una mostra che documenta il passaggio di Giulio Cesare nella cittadina romagnola. La mostra si intitola \u201cAlea Iacta Est. Giulio Cesare a Savignano sul Rubicone\u201d, \u00e8 stata allestita da Cristina Ravara Montebelli e sar\u00e0 visibile fino al 15 marzo prossimo.<!--more--><\/p>\n<p><strong>\u201cAlea Iacta Est. Giulio Cesare a Savignano sul Rubicone\u201d<\/strong> si sviluppa come un percorso tra i segni che il passaggio del pi\u00f9 famoso tra i Romani ha lasciato in citt\u00e0: saranno esposti i materiali del Museo Archeologico di Savignano sul Rubicone, cos\u00ec come le immagini del Teatro distrutto. Per tutto il periodo della mostra sar\u00e0 possibile richiedere una visita guidata, a cura dell&#8217;Associazione Guide Turistiche della Romagna, mentre nello stesso periodo le guide AGT si presteranno ad effettuare dei tour di Savignano sul Rubicone attraverso i luoghi di \u201cromana memoria\u201d, come piazza Borghesi e il ponte romano.<\/p>\n<p>Inoltre, sono previste anche delle visite al Museo Archeologico del Compito \u201cDon Giorgio Franchini\u201d gestite da Koin\u00e9, Societ\u00e0 Cooperativa Sociale Onlus: qui saranno organizzati dei laboratori per le scuole del territorio sui temi dell&#8217;impero Romano e della regione. Durante lo stesso periodo, durante le ore di educazione artistica, i ragazzi delle scuole dovranno fabbricare dei manufatti \u201cd&#8217;epoca\u201d che verranno poi esposti al pubblico a fine mostra.<\/p>\n<p>Il periodo \u201cromano\u201d di Savignano sul Rubicone avr\u00e0 il suo apogeo il prossimo 10 marzo, quando l&#8217;Associazione Legio XIII Gemina-Rubico animer\u00e0, presso il parco Don Riccardo Cesari, una ricostruzione storica in costume per raccontare (e vivere) la vita in un campo della Legione romana.<\/p>\n","protected":false},"excerpt":{"rendered":"<p>Da venerd&igrave; 14 gennaio scorso a Savignano sul Rubicone &egrave; possibile ammirare una mostra che documenta il passaggio di Giulio Cesare nella cittadina romagnola. La mostra si intitola &ldquo;Alea Iacta Est. Giulio Cesare a Savignano sul Rubicone&rdquo;, &egrave; stata allestita da Cristina Ravara Montebelli e sar&agrave; visibile fino al 15 marzo prossimo.<\/p>\n","protected":false},"author":1,"featured_media":0,"comment_status":"open","ping_status":"open","sticky":false,"template":"","format":"standard","meta":{"footnotes":""},"categories":[3],"tags":[33,24],"class_list":["post-3039","post","type-post","status-publish","format-standard","hentry","category-turismo","tag-eventi-riviera","tag-forli-cesena"],"aioseo_notices":[],"_links":{"self":[{"href":"https:\/\/www.minicity.it\/blog\/wp-json\/wp\/v2\/posts\/3039","targetHints":{"allow":["GET"]}}],"collection":[{"href":"https:\/\/www.minicity.it\/blog\/wp-json\/wp\/v2\/posts"}],"about":[{"href":"https:\/\/www.minicity.it\/blog\/wp-json\/wp\/v2\/types\/post"}],"author":[{"embeddable":true,"href":"https:\/\/www.minicity.it\/blog\/wp-json\/wp\/v2\/users\/1"}],"replies":[{"embeddable":true,"href":"https:\/\/www.minicity.it\/blog\/wp-json\/wp\/v2\/comments?post=3039"}],"version-history":[{"count":0,"href":"https:\/\/www.minicity.it\/blog\/wp-json\/wp\/v2\/posts\/3039\/revisions"}],"wp:attachment":[{"href":"https:\/\/www.minicity.it\/blog\/wp-json\/wp\/v2\/media?parent=3039"}],"wp:term":[{"taxonomy":"category","embeddable":true,"href":"https:\/\/www.minicity.it\/blog\/wp-json\/wp\/v2\/categories?post=3039"},{"taxonomy":"post_tag","embeddable":true,"href":"https:\/\/www.minicity.it\/blog\/wp-json\/wp\/v2\/tags?post=3039"}],"curies":[{"name":"wp","href":"https:\/\/api.w.org\/{rel}","templated":true}]}}