{"id":3048,"date":"2012-01-18T15:08:59","date_gmt":"2012-01-18T15:08:59","guid":{"rendered":"https:\/\/www.minicity.it\/blog\/?p=3048"},"modified":"2012-01-18T15:08:59","modified_gmt":"2012-01-18T15:08:59","slug":"nuove-statistiche-per-gli-operatori-turistici-un-incontro-a-rimini","status":"publish","type":"post","link":"https:\/\/www.minicity.it\/blog\/2012\/01\/nuove-statistiche-per-gli-operatori-turistici-un-incontro-a-rimini\/","title":{"rendered":"Nuove statistiche per gli operatori turistici: un incontro a Rimini"},"content":{"rendered":"<p><a href=\"https:\/\/www.minicity.it\/blog\/wp-content\/uploads\/2011\/10\/economiaturismo.jpg\"><img loading=\"lazy\" decoding=\"async\" class=\"alignleft size-full wp-image-1982\" title=\"economiaturismo\" src=\"https:\/\/www.minicity.it\/blog\/wp-content\/uploads\/2011\/10\/economiaturismo.jpg\" alt=\"\" width=\"200\" height=\"133\" \/><\/a>Per analizzare il <strong>settore turistico<\/strong> e capirne e anticiparne le tendenze, sono fondamentali li studi di settore e, soprattutto, le statistiche.<\/p>\n<p>A questo proposito a <strong>Rimini<\/strong> si terr\u00e0 un&#8217;iniziativa molto utile e importante per gli<strong> operatori del settore<\/strong>: venerd\u00ec <!--more-->20 gennaio, dalle ore 10:30 alle ore 13:00, infatti, si svolger\u00e0 un incontro informativo dedicato alle novit\u00e0 introdotte nel modo in cui l\u2019Istat redige le statistiche sui movimenti turistici, che entreranno in vigore a partire dal 2012.<\/p>\n<p><strong>Cosa cambia da quest\u2019anno?<\/strong> Innanzitutto, fanno sapere dall\u2019Istat, le statistiche dovranno contenere informazioni aggiuntive, come quelle sulla disponibilit\u00e0 delle camere. Per questo gli operatori del settore turistico si troveranno con una modulistica diversa, che dovranno compilare con attenzione. All\u2019incontro di venerd\u00ec saranno presenti Juri Magrini, Assessore agli Osservatori Statistici della Provincia, Fabio Tomasetti, dirigente del Servizio statistico, Gian Paolo Oneto, direttore S.E.C. Istat e Rossella Salvi, responsabile dell\u2019Ufficio Statistica provinciale. Sar\u00e0 inoltre presente anche Maurizio Mellucci, Assessore al Turismo e Commercio della Regione Emilia-Romagna.<\/p>\n<p>L\u2019incontro fa parte di un progetto europeo, STAR (Statistical networks in Tourism sector of Adriatic Regions) che ha lo scopo di migliorare l\u2019interconnessione di informazioni nell\u2019area dell\u2019Adriatico: il progetto intende migliorare la comunicazione e il monitoraggio nel settore turistico, considerato un ambito chiave nello sviluppo economico di queste aree. Il progetto STAR permetter\u00e0 alle pubbliche amministrazioni di lavorare in rete con dati coerenti per tutte le zone, in modo da fare scelte strategiche comuni.<\/p>\n<p><strong>L\u2019appuntamento \u00e8 quindi venerd\u00ec prossimo<\/strong> nella sala \u201cA. Marvelli\u201d della sede della Provincia di Rimini, in via Dario Campana, 64.<\/p>\n","protected":false},"excerpt":{"rendered":"<p>Per analizzare il settore turistico e capirne e anticiparne le tendenze, sono fondamentali li studi di settore e, soprattutto, le statistiche. A questo proposito a Rimini si terr&agrave; un&rsquo;iniziativa molto utile e importante per gli operatori del settore: venerd&igrave;<\/p>\n","protected":false},"author":1,"featured_media":0,"comment_status":"open","ping_status":"open","sticky":false,"template":"","format":"standard","meta":{"footnotes":""},"categories":[3],"tags":[10,44],"class_list":["post-3048","post","type-post","status-publish","format-standard","hentry","category-turismo","tag-rimini","tag-statistiche"],"aioseo_notices":[],"_links":{"self":[{"href":"https:\/\/www.minicity.it\/blog\/wp-json\/wp\/v2\/posts\/3048","targetHints":{"allow":["GET"]}}],"collection":[{"href":"https:\/\/www.minicity.it\/blog\/wp-json\/wp\/v2\/posts"}],"about":[{"href":"https:\/\/www.minicity.it\/blog\/wp-json\/wp\/v2\/types\/post"}],"author":[{"embeddable":true,"href":"https:\/\/www.minicity.it\/blog\/wp-json\/wp\/v2\/users\/1"}],"replies":[{"embeddable":true,"href":"https:\/\/www.minicity.it\/blog\/wp-json\/wp\/v2\/comments?post=3048"}],"version-history":[{"count":0,"href":"https:\/\/www.minicity.it\/blog\/wp-json\/wp\/v2\/posts\/3048\/revisions"}],"wp:attachment":[{"href":"https:\/\/www.minicity.it\/blog\/wp-json\/wp\/v2\/media?parent=3048"}],"wp:term":[{"taxonomy":"category","embeddable":true,"href":"https:\/\/www.minicity.it\/blog\/wp-json\/wp\/v2\/categories?post=3048"},{"taxonomy":"post_tag","embeddable":true,"href":"https:\/\/www.minicity.it\/blog\/wp-json\/wp\/v2\/tags?post=3048"}],"curies":[{"name":"wp","href":"https:\/\/api.w.org\/{rel}","templated":true}]}}