{"id":3072,"date":"2012-01-24T14:08:47","date_gmt":"2012-01-24T14:08:47","guid":{"rendered":"https:\/\/www.minicity.it\/blog\/?p=3072"},"modified":"2012-01-24T14:08:47","modified_gmt":"2012-01-24T14:08:47","slug":"turismo-montano-un-pedaggio-per-le-dolomiti","status":"publish","type":"post","link":"https:\/\/www.minicity.it\/blog\/2012\/01\/turismo-montano-un-pedaggio-per-le-dolomiti\/","title":{"rendered":"Turismo Montano: un pedaggio per le Dolomiti?"},"content":{"rendered":"<p><strong><img loading=\"lazy\" decoding=\"async\" class=\"alignleft size-full wp-image-3073\" title=\"tassapedaggiodolomiti\" src=\"https:\/\/www.minicity.it\/blog\/wp-content\/uploads\/2012\/01\/tassapedaggiodolomiti.jpg\" alt=\"\" width=\"200\" height=\"150\" \/>Un pedaggio per le Dolomiti<\/strong>. \u00c8 questo che dalla prossima primavera capiter\u00e0 a chi si trover\u00e0 a passare per alcuni dei posti pi\u00f9 belli di questa catena montuosa. Si tratta, infatti, di una decisione che verr\u00e0 presa nelle prossime settimane a Bolzano da una proposta di Florian Mussner, assessore<!--more--> della Provincia Autonoma, che ha suggerito i seguenti prezzi: 5 euro per auto e moto, 12.50 euro per i camper e 25 euro per i bus.<\/p>\n<p>Le tariffe, se approvate, riguarderanno alcune delle zone pi\u00f9 belle della zona, a cominciare dal Passo dello Stelvio, seguito dal passo Pordoi, dal passo Gardena, dal Sella e dal passo del Campolongo. Per varare una proposta del genere bisogna mettere d&#8217;accordo, oltre alla provincia di Bolzano, anche quelle di Sondrio e di Belluno, che si trovano ai lati dei passi presi in considerazione.<\/p>\n<p><strong>Perch\u00e9 mettere un pedaggio?<\/strong> Le motivazioni addotte sono soprattuto ecologiche: in montagna c&#8217;\u00e8 troppo traffico, in questo modo di potrebbe ridurre il passaggio solo a coloro che effettivamente devono svalicare; inoltre, il denaro cos\u00ec raccolto potrebbe essere usato per i lavori di manutenzione delle strade da parte delle provincie.<\/p>\n<p><strong>La proposta<\/strong> per\u00f2 vede contrarie le associazioni ambientaliste, in primis \u201cMountain Wilderness\u201d, che pensa che, visto che a fondo valle esistono parcheggi sufficienti, bisognerebbe piuttosto potenziare \u2013 o creare dal nulla \u2013 dei trasporti pubblici che permettano di ridurre il traffico al passo. Inoltre, dicono sempre gli ambientalisti se si prende l&#8217;esempio altoatesino del Passo del Rombo \u2013 a cui \u00e8 stato applicato un dazio di passaggio \u2013 i dati dicono il contario: qui il traffico, invece di diminuire, \u00e8 aumentato.<\/p>\n<p>Ovviamente sono contrari al pedaggio gli albergatori, che temono che un ulteriore balzello non faccia altro che diminuire ulteriormente i flussi turistici, gi\u00e0 in calo quest&#8217;anno.<\/p>\n","protected":false},"excerpt":{"rendered":"<p>Un pedaggio per le Dolomiti. &Egrave; questo che dalla prossima primavera capiter&agrave; a chi si trover&agrave; a passare per alcuni dei posti pi&ugrave; belli di questa catena montuosa. Si tratta, infatti, di una decisione che verr&agrave; presa nelle prossime settimane a Bolzano da una proposta di Florian Mussner, assessore<\/p>\n","protected":false},"author":5,"featured_media":0,"comment_status":"open","ping_status":"open","sticky":false,"template":"","format":"standard","meta":{"footnotes":""},"categories":[3],"tags":[5],"class_list":["post-3072","post","type-post","status-publish","format-standard","hentry","category-turismo","tag-notizie"],"aioseo_notices":[],"_links":{"self":[{"href":"https:\/\/www.minicity.it\/blog\/wp-json\/wp\/v2\/posts\/3072","targetHints":{"allow":["GET"]}}],"collection":[{"href":"https:\/\/www.minicity.it\/blog\/wp-json\/wp\/v2\/posts"}],"about":[{"href":"https:\/\/www.minicity.it\/blog\/wp-json\/wp\/v2\/types\/post"}],"author":[{"embeddable":true,"href":"https:\/\/www.minicity.it\/blog\/wp-json\/wp\/v2\/users\/5"}],"replies":[{"embeddable":true,"href":"https:\/\/www.minicity.it\/blog\/wp-json\/wp\/v2\/comments?post=3072"}],"version-history":[{"count":0,"href":"https:\/\/www.minicity.it\/blog\/wp-json\/wp\/v2\/posts\/3072\/revisions"}],"wp:attachment":[{"href":"https:\/\/www.minicity.it\/blog\/wp-json\/wp\/v2\/media?parent=3072"}],"wp:term":[{"taxonomy":"category","embeddable":true,"href":"https:\/\/www.minicity.it\/blog\/wp-json\/wp\/v2\/categories?post=3072"},{"taxonomy":"post_tag","embeddable":true,"href":"https:\/\/www.minicity.it\/blog\/wp-json\/wp\/v2\/tags?post=3072"}],"curies":[{"name":"wp","href":"https:\/\/api.w.org\/{rel}","templated":true}]}}