{"id":3098,"date":"2012-01-27T11:45:45","date_gmt":"2012-01-27T11:45:45","guid":{"rendered":"https:\/\/www.minicity.it\/blog\/?p=3098"},"modified":"2012-02-28T14:07:27","modified_gmt":"2012-02-28T14:07:27","slug":"ivano-fossati-a-cesena-per-il-suo-tour-daddio","status":"publish","type":"post","link":"https:\/\/www.minicity.it\/blog\/2012\/01\/ivano-fossati-a-cesena-per-il-suo-tour-daddio\/","title":{"rendered":"Ivano Fossati a Cesena per il suo tour d&#8217;addio (Annullato)"},"content":{"rendered":"<p><strong><img loading=\"lazy\" decoding=\"async\" class=\"alignleft size-full wp-image-3104\" title=\"ivanofossati\" src=\"https:\/\/www.minicity.it\/blog\/wp-content\/uploads\/2012\/01\/ivanofossati.jpg\" alt=\"\" width=\"200\" height=\"133\" \/>[Aggiornamento] Il concerto di Ivano Fossati a Cesena \u00e8 stato annullato.<\/strong><\/p>\n<p><strong>Il prossimo 10 marzo<\/strong> a Cesena ci sar\u00e0 un evento da non perdere: il concerto del cantautore <strong>Ivano Fossati<\/strong>, che porta in giro il suo ultimo tour. Fossati, infatti, ha annunciato che dopo questo evento lascer\u00e0 definitivamente le scene per ritirarsi<!--more--> a vita privata.<\/p>\n<p>Ivano Fossati, classe 1951, \u00e8 nato a Genova ed \u00e8 considerato uno degli artisti pi\u00f9 illustri della scena cantautorale italiana: ha all&#8217;attivo ben 25 album e un numero impressionante di grande successi e pezzi immortali. Solo per citarne alcuni ricordiamo: \u201cLa mia banda suona il rock\u201d, \u201cJesahel\u201d, \u201cPanama\u201d e \u201cCanzone Popolare\u201d. Inoltre Fossati \u00e8 stato l&#8217;autore di testi fondamentali di grandi interpreti italiani, come Fiorella Mannoia, Mia Martini (con la quale ha avuto anche una storia d&#8217;amore), Fabrizio de Andr\u00e9 (con il quale ha lavorato ad \u201cAnime Salve\u201d), Anna Oxa, Ornella Vanoni, Loredana Bert\u00e9 e Marcella Bella.<\/p>\n<p>Il suo ultimo album, \u201cDecadancing\u201d \u00e8 uscito alla fine del 2011 e lo sta portando in tour in tutto il Paese. In occasione di questa uscita ha annunciato che questo sar\u00e0 il suo ultimo lavoro, e lo ha fatto alla grande, durante la trasmissione \u201cChe Tempo che fa\u201d, condotta da Fabio Fazio. Fossati, oggi 60enne, ha deciso cos\u00ec di dire addio alle scene: questa di Cesena sar\u00e0 una delle ultime occasioni di vederlo dal vivo.<\/p>\n<p>L&#8217;appuntamento con Ivano Fossati e il suo \u201cDecadancing Tour\u201d \u00e8 a Cesena, al Nuovo Teatro Carisport (via Paolo Tordi): il costo dei biglietti va dai 34 euro della gradinata, fino ai 57 della platea o della tribuna numerata. Per informazioni consultare il sito ticketone.it o chiamare il numero 392-3900212.<\/p>\n","protected":false},"excerpt":{"rendered":"<p>[Aggiornamento] Il concerto di Ivano Fossati a Cesena &egrave; stato annullato. Il prossimo 10 marzo a Cesena ci sar&agrave; un evento da non perdere: il concerto del cantautore Ivano Fossati, che porta in giro il suo ultimo tour. Fossati, infatti, ha annunciato che dopo questo evento lascer&agrave; definitivamente le scene per ritirarsi<\/p>\n","protected":false},"author":7,"featured_media":0,"comment_status":"open","ping_status":"open","sticky":false,"template":"","format":"standard","meta":{"footnotes":""},"categories":[3],"tags":[39,24],"class_list":["post-3098","post","type-post","status-publish","format-standard","hentry","category-turismo","tag-concerti","tag-forli-cesena"],"aioseo_notices":[],"_links":{"self":[{"href":"https:\/\/www.minicity.it\/blog\/wp-json\/wp\/v2\/posts\/3098","targetHints":{"allow":["GET"]}}],"collection":[{"href":"https:\/\/www.minicity.it\/blog\/wp-json\/wp\/v2\/posts"}],"about":[{"href":"https:\/\/www.minicity.it\/blog\/wp-json\/wp\/v2\/types\/post"}],"author":[{"embeddable":true,"href":"https:\/\/www.minicity.it\/blog\/wp-json\/wp\/v2\/users\/7"}],"replies":[{"embeddable":true,"href":"https:\/\/www.minicity.it\/blog\/wp-json\/wp\/v2\/comments?post=3098"}],"version-history":[{"count":0,"href":"https:\/\/www.minicity.it\/blog\/wp-json\/wp\/v2\/posts\/3098\/revisions"}],"wp:attachment":[{"href":"https:\/\/www.minicity.it\/blog\/wp-json\/wp\/v2\/media?parent=3098"}],"wp:term":[{"taxonomy":"category","embeddable":true,"href":"https:\/\/www.minicity.it\/blog\/wp-json\/wp\/v2\/categories?post=3098"},{"taxonomy":"post_tag","embeddable":true,"href":"https:\/\/www.minicity.it\/blog\/wp-json\/wp\/v2\/tags?post=3098"}],"curies":[{"name":"wp","href":"https:\/\/api.w.org\/{rel}","templated":true}]}}