{"id":3107,"date":"2012-01-27T13:39:53","date_gmt":"2012-01-27T13:39:53","guid":{"rendered":"https:\/\/www.minicity.it\/blog\/?p=3107"},"modified":"2012-01-27T13:40:20","modified_gmt":"2012-01-27T13:40:20","slug":"riccione-un-premio-alle-donne-per-l8-marzo","status":"publish","type":"post","link":"https:\/\/www.minicity.it\/blog\/2012\/01\/riccione-un-premio-alle-donne-per-l8-marzo\/","title":{"rendered":"Riccione: un premio alle donne per l&#8217;8 marzo"},"content":{"rendered":"<p><a href=\"https:\/\/www.minicity.it\/blog\/wp-content\/uploads\/2012\/01\/festadelladonna+.jpg\"><img loading=\"lazy\" decoding=\"async\" class=\"alignleft size-full wp-image-3109\" title=\"festadelladonna+\" src=\"https:\/\/www.minicity.it\/blog\/wp-content\/uploads\/2012\/01\/festadelladonna+.jpg\" alt=\"\" width=\"200\" height=\"169\" \/><\/a>In occasione dell&#8217;<strong>8 marzo, Festa della Donna<\/strong>, la citt\u00e0 di Riccione ha indetto un <strong>premio per le donne di talento<\/strong>.<\/p>\n<p>Si tratta di un&#8217;iniziativa della Commissione Pari Opportunit\u00e0 della citt\u00e0 che invita i cittadini a segnalare all&#8217;amministrazione figure che \u201cabbiano contribuito <!--more-->con il loro ingegno, impegno e dedizione ad illustrare e onorare la citt\u00e0: nel commercio, nel turismo e nel lavoro, nell\u2019arte e nella cultura, nel volontariato e nell\u2019impegno sociale, nella scuola e nell\u2019educazione, nello sport\u201d.<\/p>\n<p>Per inviare una candidatura <strong>c&#8217;\u00e8 tempo fino al prossimo 20 febbraio<\/strong>: le donne \u201ccandidate\u201d dovranno o essere nate a Riccione, o essere residenti nella Perla Verde. Non c&#8217;\u00e8 limite di et\u00e0: la sola condizione \u00e8 quella di rientrare in una delle seguenti categorie: \u201cAttivit\u00e0 commerciali, artigianali e professionali\u201d, \u201cespressivit\u00e0 artistiche e culturali\u201d, \u201cimpegno sociale ed ambientale\u201d, \u201ceducazione e formazione\u201d e \u201cdiscipline sportive\u201d. Sono anche previsti premi fuori concorso come un \u201cunder 25\u201d o un \u201cpremio speciale\u201d.<\/p>\n<p><strong>Per inviare una candidatura<\/strong> bisogna contattare la Commissione Pari Opportunit\u00e0 via mail, posta, fax, o consegnando a mano il materiale. I recapiti sono i seguenti: pariopportunit\u00e0@comune.riccione.rn.it, via fax allo 0541\/426010, o presso l&#8217;Ufficio Protocollo del Comune di Riccione, in viale V. Emanuele II. Le vincitrici verranno rese note durante una serata pubblica gioved\u00ec 8 marzo alle ore 21:00 al Palazzo del Turismo con \u201cPremio Talentuosa 2012\u201d.<\/p>\n","protected":false},"excerpt":{"rendered":"<p>In occasione dell&rsquo;8 marzo, Festa della Donna, la citt&agrave; di Riccione ha indetto un premio per le donne di talento. Si tratta di un&rsquo;iniziativa della Commissione Pari Opportunit&agrave; della citt&agrave; che invita i cittadini a segnalare all&rsquo;amministrazione figure che &ldquo;abbiano contribuito<\/p>\n","protected":false},"author":5,"featured_media":0,"comment_status":"open","ping_status":"open","sticky":false,"template":"","format":"standard","meta":{"footnotes":""},"categories":[3],"tags":[55,34],"class_list":["post-3107","post","type-post","status-publish","format-standard","hentry","category-turismo","tag-notizie-cultura","tag-riccione"],"aioseo_notices":[],"_links":{"self":[{"href":"https:\/\/www.minicity.it\/blog\/wp-json\/wp\/v2\/posts\/3107","targetHints":{"allow":["GET"]}}],"collection":[{"href":"https:\/\/www.minicity.it\/blog\/wp-json\/wp\/v2\/posts"}],"about":[{"href":"https:\/\/www.minicity.it\/blog\/wp-json\/wp\/v2\/types\/post"}],"author":[{"embeddable":true,"href":"https:\/\/www.minicity.it\/blog\/wp-json\/wp\/v2\/users\/5"}],"replies":[{"embeddable":true,"href":"https:\/\/www.minicity.it\/blog\/wp-json\/wp\/v2\/comments?post=3107"}],"version-history":[{"count":0,"href":"https:\/\/www.minicity.it\/blog\/wp-json\/wp\/v2\/posts\/3107\/revisions"}],"wp:attachment":[{"href":"https:\/\/www.minicity.it\/blog\/wp-json\/wp\/v2\/media?parent=3107"}],"wp:term":[{"taxonomy":"category","embeddable":true,"href":"https:\/\/www.minicity.it\/blog\/wp-json\/wp\/v2\/categories?post=3107"},{"taxonomy":"post_tag","embeddable":true,"href":"https:\/\/www.minicity.it\/blog\/wp-json\/wp\/v2\/tags?post=3107"}],"curies":[{"name":"wp","href":"https:\/\/api.w.org\/{rel}","templated":true}]}}