{"id":313,"date":"2011-02-16T11:17:24","date_gmt":"2011-02-16T11:17:24","guid":{"rendered":"https:\/\/www.minicity.it\/blog\/?p=313"},"modified":"2011-02-16T11:17:24","modified_gmt":"2011-02-16T11:17:24","slug":"crossroads-arriva-il-jazz-in-emilia-romagna","status":"publish","type":"post","link":"https:\/\/www.minicity.it\/blog\/2011\/02\/crossroads-arriva-il-jazz-in-emilia-romagna\/","title":{"rendered":"Crossroads: arriva il jazz in Emilia-Romagna"},"content":{"rendered":"<p><a href=\"https:\/\/www.minicity.it\/blog\/wp-content\/uploads\/2011\/02\/jazz.jpg\" target=\"_blank\"><img loading=\"lazy\" decoding=\"async\" class=\"alignleft size-full wp-image-314\" style=\"margin: 5px 8px;\" title=\"jazz\" src=\"https:\/\/www.minicity.it\/blog\/wp-content\/uploads\/2011\/02\/jazz.jpg\" alt=\"\" width=\"200\" height=\"132\" \/><\/a>Dal 25 febbraio al 29 maggio arriva in Emilia-Romagna la dodicesima edizione di <strong>Crossroads<\/strong>, il <strong>famoso festival itinerante jazz<\/strong>. Ci saranno in tutto una trentina di concerti con alcuni dei nomi pi\u00f9 famosi del panorama jazz italiano e internazionale che si alterneranno nei palchi e nei teatri dell&#8217;Emilia-Romagna: da Bologna a Ferrara, da Rimini a Russi, da Sant&#8217;Arcangelo a Ravenna, da Vignola a Imola.<\/p>\n<p>La serata di apertura si terr\u00e0 a Casalgrande (Bo) al Teatro D\u00e9 Andr\u00e9 con due star del jazz italiano: Enrico Rava e Danilo Rea. Tra gli altri nomi in cartellone: Al Foster, Dave Douglas, Chico Freeman, Paolo Fresu, Daniele di Bonaventura, l\u2019Adriatics Orchestra, Jim Black e tanti altri&#8230;<\/p>\n<p>In programma, per musicisti e curiosi, anche numerosi workshop tenuti dagli artisti in calendario.<\/p>\n<p>I prezzi dei concerti sono variabili, dai 20 ai 10 euro, a seconda del concerto e della location.<\/p>\n<p><strong>Per maggiori informazioni: www.crossroads-it.org<\/strong><\/p>\n","protected":false},"excerpt":{"rendered":"<p>Dal 25 febbraio al 29 maggio arriva in Emilia-Romagna la dodicesima edizione di Crossroads, il famoso festival itinerante jazz. Ci saranno in tutto una trentina di concerti con alcuni dei nomi pi&ugrave; famosi del panorama jazz italiano e internazionale che si alterneranno nei palchi e nei teatri dell&rsquo;Emilia-Romagna: da Bologna a Ferrara, da Rimini a &#8230;<a class=\"post-readmore\" href=\"https:\/\/www.minicity.it\/blog\/2011\/02\/crossroads-arriva-il-jazz-in-emilia-romagna\/\">read more<\/a><\/p>\n","protected":false},"author":1,"featured_media":0,"comment_status":"open","ping_status":"open","sticky":false,"template":"","format":"standard","meta":{"footnotes":""},"categories":[3],"tags":[33,5],"class_list":["post-313","post","type-post","status-publish","format-standard","hentry","category-turismo","tag-eventi-riviera","tag-notizie"],"aioseo_notices":[],"_links":{"self":[{"href":"https:\/\/www.minicity.it\/blog\/wp-json\/wp\/v2\/posts\/313","targetHints":{"allow":["GET"]}}],"collection":[{"href":"https:\/\/www.minicity.it\/blog\/wp-json\/wp\/v2\/posts"}],"about":[{"href":"https:\/\/www.minicity.it\/blog\/wp-json\/wp\/v2\/types\/post"}],"author":[{"embeddable":true,"href":"https:\/\/www.minicity.it\/blog\/wp-json\/wp\/v2\/users\/1"}],"replies":[{"embeddable":true,"href":"https:\/\/www.minicity.it\/blog\/wp-json\/wp\/v2\/comments?post=313"}],"version-history":[{"count":0,"href":"https:\/\/www.minicity.it\/blog\/wp-json\/wp\/v2\/posts\/313\/revisions"}],"wp:attachment":[{"href":"https:\/\/www.minicity.it\/blog\/wp-json\/wp\/v2\/media?parent=313"}],"wp:term":[{"taxonomy":"category","embeddable":true,"href":"https:\/\/www.minicity.it\/blog\/wp-json\/wp\/v2\/categories?post=313"},{"taxonomy":"post_tag","embeddable":true,"href":"https:\/\/www.minicity.it\/blog\/wp-json\/wp\/v2\/tags?post=313"}],"curies":[{"name":"wp","href":"https:\/\/api.w.org\/{rel}","templated":true}]}}