{"id":3145,"date":"2012-02-07T13:59:13","date_gmt":"2012-02-07T13:59:13","guid":{"rendered":"https:\/\/www.minicity.it\/blog\/?p=3145"},"modified":"2012-02-07T13:59:13","modified_gmt":"2012-02-07T13:59:13","slug":"i-litfiba-in-concerto-a-rimini","status":"publish","type":"post","link":"https:\/\/www.minicity.it\/blog\/2012\/02\/i-litfiba-in-concerto-a-rimini\/","title":{"rendered":"I Litfiba in concerto a Rimini"},"content":{"rendered":"<p><a href=\"https:\/\/www.minicity.it\/blog\/wp-content\/uploads\/2012\/02\/litfibarimini.jpg\"><img loading=\"lazy\" decoding=\"async\" class=\"alignleft size-full wp-image-3147\" title=\"litfibarimini\" src=\"https:\/\/www.minicity.it\/blog\/wp-content\/uploads\/2012\/02\/litfibarimini.jpg\" alt=\"\" width=\"200\" height=\"156\" \/><\/a>Continuano i grandi eventi musicali che si tengono a Rimini, al <strong>105 stadium<\/strong>. <strong>Il 14 aprile prossimo<\/strong> sar\u00e0 il turno di un gruppo che ha segnato la storia del rock italiano: i <strong>Litfiba<\/strong>.<\/p>\n<p>I Litfiba si sono formati a Firenze, negli anni 80 per un&#8217;idea di<!--more--> Federico &#8220;Ghigo&#8221; Renzulli e Gianni Maroccolo a cui si \u00e8 poi aggiunto il frontman Piero Pel\u00f9. La band ha all&#8217;attivo ben 24 album, realizzati spesso con formazioni diverse, ma che rimangono sotto il filo conduttore del rock wave.<\/p>\n<p>Nel 1999 Piero Pel\u00f9 decide di lasciare la band per dedicarsi a una carriera da solista. L&#8217;ultimo album insieme \u201cInfinito\u201d ha sonorit\u00e0 pi\u00f9 melodiche ma, nonostante le critiche, vende circa un milione di copie. Prima del 2009 i Litfiba, con la nuova formazione pubblicano 4 album, che ottengono un discreto successo sia di pubblico che di critica. Dieci anni pi\u00f9 tardi, nel 2009, Pel\u00f9 e Renzulli tornano insieme sempre sotto il nome di Litfiba. Ora la band \u00e8 composta dai due pi\u00f9 Daniele Bagni al basso, Cosimo Zannelli alla chitarra, Federico Sagona alle tastiere e Pino Fidanza alla batteria.<\/p>\n<p><strong>L&#8217;appuntamento con i Litfiba<\/strong> \u00e8 quindi per il 14 aprile al 105 Stadium a Rimini.<\/p>\n<p><strong>Il costo<\/strong> dei biglietti varia dalla posizione: si parte con 29,90 euro per la gradinata laterale non numerato, per passare a 40,25 euro per il posto in piedi e la gradinata frontale alta numerata. Si si vuole stare in tribuna, invece, che sia frontale o laterale, il prezzo sale a 51,75 euro.<\/p>\n","protected":false},"excerpt":{"rendered":"<p>Continuano i grandi eventi musicali che si tengono a Rimini, al 105 stadium. Il 14 aprile prossimo sar&agrave; il turno di un gruppo che ha segnato la storia del rock italiano: i Litfiba. I Litfiba si sono formati a Firenze, negli anni 80 per un&rsquo;idea di<\/p>\n","protected":false},"author":5,"featured_media":0,"comment_status":"open","ping_status":"open","sticky":false,"template":"","format":"standard","meta":{"footnotes":""},"categories":[3],"tags":[39,10],"class_list":["post-3145","post","type-post","status-publish","format-standard","hentry","category-turismo","tag-concerti","tag-rimini"],"aioseo_notices":[],"_links":{"self":[{"href":"https:\/\/www.minicity.it\/blog\/wp-json\/wp\/v2\/posts\/3145","targetHints":{"allow":["GET"]}}],"collection":[{"href":"https:\/\/www.minicity.it\/blog\/wp-json\/wp\/v2\/posts"}],"about":[{"href":"https:\/\/www.minicity.it\/blog\/wp-json\/wp\/v2\/types\/post"}],"author":[{"embeddable":true,"href":"https:\/\/www.minicity.it\/blog\/wp-json\/wp\/v2\/users\/5"}],"replies":[{"embeddable":true,"href":"https:\/\/www.minicity.it\/blog\/wp-json\/wp\/v2\/comments?post=3145"}],"version-history":[{"count":0,"href":"https:\/\/www.minicity.it\/blog\/wp-json\/wp\/v2\/posts\/3145\/revisions"}],"wp:attachment":[{"href":"https:\/\/www.minicity.it\/blog\/wp-json\/wp\/v2\/media?parent=3145"}],"wp:term":[{"taxonomy":"category","embeddable":true,"href":"https:\/\/www.minicity.it\/blog\/wp-json\/wp\/v2\/categories?post=3145"},{"taxonomy":"post_tag","embeddable":true,"href":"https:\/\/www.minicity.it\/blog\/wp-json\/wp\/v2\/tags?post=3145"}],"curies":[{"name":"wp","href":"https:\/\/api.w.org\/{rel}","templated":true}]}}