{"id":3154,"date":"2012-02-08T11:58:40","date_gmt":"2012-02-08T11:58:40","guid":{"rendered":"https:\/\/www.minicity.it\/blog\/?p=3154"},"modified":"2012-02-08T11:58:40","modified_gmt":"2012-02-08T11:58:40","slug":"rimini-un-premio-di-scrittura-creativa","status":"publish","type":"post","link":"https:\/\/www.minicity.it\/blog\/2012\/02\/rimini-un-premio-di-scrittura-creativa\/","title":{"rendered":"Rimini: un premio di scrittura creativa"},"content":{"rendered":"<p><a href=\"https:\/\/www.minicity.it\/blog\/wp-content\/uploads\/2012\/02\/scritturacreativa.jpg\"><img loading=\"lazy\" decoding=\"async\" class=\"alignleft size-full wp-image-3156\" title=\"scritturacreativa\" src=\"https:\/\/www.minicity.it\/blog\/wp-content\/uploads\/2012\/02\/scritturacreativa.jpg\" alt=\"\" width=\"200\" height=\"135\" \/><\/a>Tutti gli aspiranti scrittori possono partecipare a un bando promosso dall&#8217;Universit\u00e0 aperta <strong>\u201cGiulietta Masina e Federico Fellini\u201d<\/strong> di Rimini. Il premio, dedicato a Stefano Benassi, \u00e8 aperto a tutti coloro che vogliono partecipare, basta che siano maggiorenni. Il tema<!--more--> del racconto deve prendere ispirazione da questa frase di Iosif Brodiskij: \u201cSulla bilancia della verit\u00e0 la forza dell&#8217;immaginazione pesa quanto la realt\u00e0 e, anzi, persino di pi\u00f9\u201d.<\/p>\n<p><strong>Come si fa per partecipare?<\/strong> Basta inviare, entro il prossimo 20 aprile, un racconto di lunghezza massima di cinque mila battute. La quota di iscrizione costa dieci euro: verranno selezionati i migliori dieci racconti che verranno poi letti durante i gruppi di lettura della Biblioteca Gambalunga di Rimini. Ai voti della giuria si aggiungeranno i voti dei lettori: chi otterr\u00e0 il maggior punteggio sar\u00e0 il vincitore. Il primo premio sar\u00e0 di 500 euro, il secondo di 300 e il terzo di 200. E&#8217; anche previsto un premio aggiuntivo di 100 euro da spendere in libri per il miglior autore della Provincia di Rimini.<\/p>\n<p><strong>Il \u201cpremio Stefano Benassi\u201d<\/strong> ricorda l&#8217;omonimo professore, scomparso nel 2008, che era docente di Sociologia della letteratura all&#8217;Universit\u00e0 di Bologna e docente di scrittura creativa nei corsi di Universit\u00e0 aperta. Per maggiori informazioni consultare il sito dell&#8217;Universit\u00e0: www.uniaperta.it<\/p>\n","protected":false},"excerpt":{"rendered":"<p>Tutti gli aspiranti scrittori possono partecipare a un bando promosso dall&rsquo;Universit&agrave; aperta &ldquo;Giulietta Masina e Federico Fellini&rdquo; di Rimini. Il premio, dedicato a Stefano Benassi, &egrave; aperto a tutti coloro che vogliono partecipare, basta che siano maggiorenni. Il tema<\/p>\n","protected":false},"author":1,"featured_media":0,"comment_status":"open","ping_status":"open","sticky":false,"template":"","format":"standard","meta":{"footnotes":""},"categories":[3],"tags":[55,10],"class_list":["post-3154","post","type-post","status-publish","format-standard","hentry","category-turismo","tag-notizie-cultura","tag-rimini"],"aioseo_notices":[],"_links":{"self":[{"href":"https:\/\/www.minicity.it\/blog\/wp-json\/wp\/v2\/posts\/3154","targetHints":{"allow":["GET"]}}],"collection":[{"href":"https:\/\/www.minicity.it\/blog\/wp-json\/wp\/v2\/posts"}],"about":[{"href":"https:\/\/www.minicity.it\/blog\/wp-json\/wp\/v2\/types\/post"}],"author":[{"embeddable":true,"href":"https:\/\/www.minicity.it\/blog\/wp-json\/wp\/v2\/users\/1"}],"replies":[{"embeddable":true,"href":"https:\/\/www.minicity.it\/blog\/wp-json\/wp\/v2\/comments?post=3154"}],"version-history":[{"count":0,"href":"https:\/\/www.minicity.it\/blog\/wp-json\/wp\/v2\/posts\/3154\/revisions"}],"wp:attachment":[{"href":"https:\/\/www.minicity.it\/blog\/wp-json\/wp\/v2\/media?parent=3154"}],"wp:term":[{"taxonomy":"category","embeddable":true,"href":"https:\/\/www.minicity.it\/blog\/wp-json\/wp\/v2\/categories?post=3154"},{"taxonomy":"post_tag","embeddable":true,"href":"https:\/\/www.minicity.it\/blog\/wp-json\/wp\/v2\/tags?post=3154"}],"curies":[{"name":"wp","href":"https:\/\/api.w.org\/{rel}","templated":true}]}}