{"id":3160,"date":"2012-02-14T12:48:37","date_gmt":"2012-02-14T12:48:37","guid":{"rendered":"https:\/\/www.minicity.it\/blog\/?p=3160"},"modified":"2012-02-14T12:48:37","modified_gmt":"2012-02-14T12:48:37","slug":"a-viterbo-la-borsa-del-turismo-sociale","status":"publish","type":"post","link":"https:\/\/www.minicity.it\/blog\/2012\/02\/a-viterbo-la-borsa-del-turismo-sociale\/","title":{"rendered":"A Viterbo la borsa del turismo sociale"},"content":{"rendered":"<p><strong><a href=\"https:\/\/www.minicity.it\/blog\/wp-content\/uploads\/2012\/02\/turismosociale.jpg\"><img loading=\"lazy\" decoding=\"async\" class=\"alignleft size-full wp-image-3167\" title=\"turismosociale\" src=\"https:\/\/www.minicity.it\/blog\/wp-content\/uploads\/2012\/02\/turismosociale.jpg\" alt=\"\" width=\"200\" height=\"187\" \/><\/a>Dal 3 al 6 marzo<\/strong> prossimi a Viterbo si terr\u00e0 la XII edizione della <strong>Borsa Internazionale del Turismo Sociale e Associato (BTSA)<\/strong>. Si tratta di un grande evento che vedr\u00e0 90 buyer che mettono insieme associazioni sportive, religiose, culturali, dopolavori e Cral che si troveranno difronte tutti gli operatori nazionali di questo settore. A questi si <!--more-->aggiungono alcuni operatori internazionali, soprattutto in arrivo dalla Germania e dall&#8217;Europa del Nord e dell&#8217;Est. Si tratter\u00e0 soprattutto di coloro che rappresentano alberghi, campeggi, case vacanza, residence, strutture termali e wellness, residence di campagna e agriturismi, che stanno molto ampliando il loro mercato.<\/p>\n<p><strong>Il turismo sociale<\/strong>, che negli ultimi anni si sta connotando anche come l&#8217;immagine di tutto quello che \u00e8 sostenibile e solidale, \u00e8 in forte aumento, sia per quanto riguarda la simpatia da parte dei turisti, sia per quanto riguarda le strutture che si stanno integrando in questo sistema con etichette e marchi di qualit\u00e0. L&#8217;idea di un turismo inclusivo (per tutti), accessibile, partecipato, responsabile e consapevole si sta, infatti, facendo strada nella mente di molti connazionali.<\/p>\n<p><strong>L&#8217;incontro di Viterbo<\/strong> sar\u00e0 quindi un&#8217;occasione per valutare questo mercato e vedere che tipo di opzioni pu\u00f2 aprire. La Borsa Internazionale del Turismo Sociale e Associato si terr\u00e0 quindi a Viterbo dal 3 al 6 marzo, nei locali della Domus La Quercia. Per partecipare bisogna pagare una quota di 180 euro (per due persone) e scrivere a btsa@visituscia.it. Per maggiori informazioni contattare direttamente al Btsa al numero 0761.1763068 o tramite il sito web www.visituscia.it.<\/p>\n","protected":false},"excerpt":{"rendered":"<p>Dal 3 al 6 marzo prossimi a Viterbo si terr&agrave; la XII edizione della Borsa Internazionale del Turismo Sociale e Associato (BTSA). Si tratta di un grande evento che vedr&agrave; 90 buyer che mettono insieme associazioni sportive, religiose, culturali, dopolavori e Cral che si troveranno difronte tutti gli operatori nazionali di questo settore. A questi &#8230;<a class=\"post-readmore\" href=\"https:\/\/www.minicity.it\/blog\/2012\/02\/a-viterbo-la-borsa-del-turismo-sociale\/\">read more<\/a><\/p>\n","protected":false},"author":5,"featured_media":0,"comment_status":"open","ping_status":"open","sticky":false,"template":"","format":"standard","meta":{"footnotes":""},"categories":[3],"tags":[52],"class_list":["post-3160","post","type-post","status-publish","format-standard","hentry","category-turismo","tag-fiere-turismo"],"aioseo_notices":[],"_links":{"self":[{"href":"https:\/\/www.minicity.it\/blog\/wp-json\/wp\/v2\/posts\/3160","targetHints":{"allow":["GET"]}}],"collection":[{"href":"https:\/\/www.minicity.it\/blog\/wp-json\/wp\/v2\/posts"}],"about":[{"href":"https:\/\/www.minicity.it\/blog\/wp-json\/wp\/v2\/types\/post"}],"author":[{"embeddable":true,"href":"https:\/\/www.minicity.it\/blog\/wp-json\/wp\/v2\/users\/5"}],"replies":[{"embeddable":true,"href":"https:\/\/www.minicity.it\/blog\/wp-json\/wp\/v2\/comments?post=3160"}],"version-history":[{"count":0,"href":"https:\/\/www.minicity.it\/blog\/wp-json\/wp\/v2\/posts\/3160\/revisions"}],"wp:attachment":[{"href":"https:\/\/www.minicity.it\/blog\/wp-json\/wp\/v2\/media?parent=3160"}],"wp:term":[{"taxonomy":"category","embeddable":true,"href":"https:\/\/www.minicity.it\/blog\/wp-json\/wp\/v2\/categories?post=3160"},{"taxonomy":"post_tag","embeddable":true,"href":"https:\/\/www.minicity.it\/blog\/wp-json\/wp\/v2\/tags?post=3160"}],"curies":[{"name":"wp","href":"https:\/\/api.w.org\/{rel}","templated":true}]}}