{"id":3164,"date":"2012-02-14T12:35:37","date_gmt":"2012-02-14T12:35:37","guid":{"rendered":"https:\/\/www.minicity.it\/blog\/?p=3164"},"modified":"2012-02-14T12:35:37","modified_gmt":"2012-02-14T12:35:37","slug":"rimini-si-prepara-alla-notte-rosa-2012","status":"publish","type":"post","link":"https:\/\/www.minicity.it\/blog\/2012\/02\/rimini-si-prepara-alla-notte-rosa-2012\/","title":{"rendered":"Rimini si prepara alla Notte Rosa 2012"},"content":{"rendered":"<p><a href=\"https:\/\/www.minicity.it\/blog\/wp-content\/uploads\/2011\/10\/notterosa2012.jpg\"><img loading=\"lazy\" decoding=\"async\" class=\"alignleft size-full wp-image-2004\" title=\"notterosa2012\" src=\"https:\/\/www.minicity.it\/blog\/wp-content\/uploads\/2011\/10\/notterosa2012.jpg\" alt=\"\" width=\"200\" height=\"134\" \/><\/a>Rimini si sta organizzando per la <strong>Notte Rosa 2012<\/strong>, che quest\u2019anno si terr\u00e0 dal <strong>venerd\u00ec 6 luglio<\/strong>. \u00c8 gi\u00e0 stata selezionata l\u2019immagine, che per quest\u2019anno, sar\u00e0 la luna, che apparir\u00e0 in tutti i manifesti della settima edizione di questa importante <!--more-->manifestazione. Per la realizzazione del manifesto e dei materiali \u00e8 stato aperto un bando, la cui scadenza, prevista per il 30 gennaio, \u00e8 stata posticipata a luned\u00ec 13 febbraio scorso. Nelle prossime settimane si sapr\u00e0 chi \u00e8 il vincitore. Sono state invitate a partecipare diverse scuole di design, tra cui l\u2019Istituto Europeo di Design di Milano, il Saint Martins College of Art and Design di Londra e il G.A.E.R. e l\u2019Associazione Giovani Artisti dell&#8217;Emilia Romagna. Per avere maggiori informazioni si pu\u00f2 consultare questa pagina: www.lanotterosa.it\/bando_2012.php.<\/p>\n<p><strong>L\u2019edizione del 2011<\/strong> ha visto oltre 2 milioni di presenze, sparse lungo tutti i 100 chilometri di Riviera Romagnola: il tutto su oltre 300 eventi come concerti, spettacoli, aperitivi, feste a tema, film e animazioni. Ricordiamo solo alcuni dei grandi nomi che hanno partecipato gli anni scorsi: Franco Battiato, Carmen Consoli, Mario Biondi, gli Elio e le Storie Tese, Gianni Nannini, Gino Paolo e Fiorella Mannoia, solo per citarne alcuni. La Notte Rosa viene organizzata in contemporanea da dodici comuni della Riviera Romagnola \u2013 tra cui Rimini, Riccione, Cervia, Cesenatico, Repubblica di San Marino, Gatteo Mare, Savignano sul Rubicone, San Mauro Mare, Bellaria Igea Marina, Misano e Cattolica \u2013 quattro provincie, l\u2019Unione di Prodotto Costa, APT Servizi Emilia-Romagna e tutta una serie di aziende private della Romagna.<\/p>\n","protected":false},"excerpt":{"rendered":"<p>Rimini si sta organizzando per la Notte Rosa 2012, che quest&rsquo;anno si terr&agrave; dal venerd&igrave; 6 luglio. &Egrave; gi&agrave; stata selezionata l&rsquo;immagine, che per quest&rsquo;anno, sar&agrave; la luna, che apparir&agrave; in tutti i manifesti della settima edizione di questa importante<\/p>\n","protected":false},"author":1,"featured_media":0,"comment_status":"open","ping_status":"open","sticky":false,"template":"","format":"standard","meta":{"footnotes":""},"categories":[3],"tags":[19],"class_list":["post-3164","post","type-post","status-publish","format-standard","hentry","category-turismo","tag-notte-rosa"],"aioseo_notices":[],"_links":{"self":[{"href":"https:\/\/www.minicity.it\/blog\/wp-json\/wp\/v2\/posts\/3164","targetHints":{"allow":["GET"]}}],"collection":[{"href":"https:\/\/www.minicity.it\/blog\/wp-json\/wp\/v2\/posts"}],"about":[{"href":"https:\/\/www.minicity.it\/blog\/wp-json\/wp\/v2\/types\/post"}],"author":[{"embeddable":true,"href":"https:\/\/www.minicity.it\/blog\/wp-json\/wp\/v2\/users\/1"}],"replies":[{"embeddable":true,"href":"https:\/\/www.minicity.it\/blog\/wp-json\/wp\/v2\/comments?post=3164"}],"version-history":[{"count":0,"href":"https:\/\/www.minicity.it\/blog\/wp-json\/wp\/v2\/posts\/3164\/revisions"}],"wp:attachment":[{"href":"https:\/\/www.minicity.it\/blog\/wp-json\/wp\/v2\/media?parent=3164"}],"wp:term":[{"taxonomy":"category","embeddable":true,"href":"https:\/\/www.minicity.it\/blog\/wp-json\/wp\/v2\/categories?post=3164"},{"taxonomy":"post_tag","embeddable":true,"href":"https:\/\/www.minicity.it\/blog\/wp-json\/wp\/v2\/tags?post=3164"}],"curies":[{"name":"wp","href":"https:\/\/api.w.org\/{rel}","templated":true}]}}