{"id":3199,"date":"2012-02-20T14:00:39","date_gmt":"2012-02-20T14:00:39","guid":{"rendered":"https:\/\/www.minicity.it\/blog\/?p=3199"},"modified":"2012-02-20T14:00:39","modified_gmt":"2012-02-20T14:00:39","slug":"presentazione-ufficiale-sangiovese-di-romagna","status":"publish","type":"post","link":"https:\/\/www.minicity.it\/blog\/2012\/02\/presentazione-ufficiale-sangiovese-di-romagna\/","title":{"rendered":"La presentazione ufficiale del Sangiovese di Romagna"},"content":{"rendered":"<p><a href=\"https:\/\/www.minicity.it\/blog\/wp-content\/uploads\/2012\/02\/sangioveseromagna.jpg\"><img loading=\"lazy\" decoding=\"async\" class=\"alignleft size-full wp-image-3201\" title=\"sangioveseromagna\" src=\"https:\/\/www.minicity.it\/blog\/wp-content\/uploads\/2012\/02\/sangioveseromagna.jpg\" alt=\"\" width=\"200\" height=\"134\" \/><\/a>Il <strong>Sangiovese di Romagna<\/strong> parte alla conquista dei mercati esteri. E per farlo si regala una presentazione di tutto rispetto: l\u2019evento <strong>\u201cVini ad Arte\u201d<\/strong>, manifestazione iniziata ieri (19 febbraio) e che si concluder\u00e0 oggi al Museo Internazionale delle<!--more--> Ceramiche di Faenza. Durante questa due giorni dedicata al vino, infatti, \u00e8 stato ufficializzato il label <strong>\u201cRomagna DOC Sangiovese Riserva\u201d<\/strong> alla presenza degli oltre 30 produttori romagnoli, che hanno fatto gustare ai presenti i vini delle Riserve del 2009.<\/p>\n<p><strong>Il Sangiovese di Romagna<\/strong> \u00e8 il vino pi\u00f9 diffuso sul territorio della regione. Si tratta di un prodotto semplice e tradizionale, ma allo stesso tempo di grande qualit\u00e0: ora che la sua produzione \u00e8 \u201cDOC\u201d \u00e8 \u00e8 possibile coltivarlo solo nelle zone di Bologna, Forl\u00ec-Cesena, Ravenna e Rimini. Il Sangiovese di Romagna \u00e8 noto per il color rosso rubino con orli violacei e un odore che ricorda quello delle viole. Da oggi i produttori della Regione vogliono farne un segno distintivo, un orgoglio e un prodotto da lanciare nei mercati, prima nazionali, e poi internazionali.<\/p>\n<p>\u201cVini ad Arte\u201d si \u00e8 tenuto nella magnifica cornice del Museo Internazionale delle Ceramiche di Faenza. La manifestazione \u00e8 organizzata da Enoteca Regionale Emilia Romagna, Consorzio Vini di Romagna e Convito di Romagna con il sostegno delle Camere di Commercio di Bologna, Ravenna, Forl\u00ec-Cesena e Rimini. Si \u00e8 trattato di una vera e propria vetrina internazionale alla quale hanno partecipato buyer da tutto il mondo e giornalisti da Cina, Russia, Canada, Svezia, Olanda e Slovenia. Inoltre, domenica pomeriggio \u201cVini ad Arte\u201d ha aperto le sue porte al pubblico permettendo ai curiosi e agli amanti del vino di gustare questa eccellenza delle terre di Romagna.<\/p>\n","protected":false},"excerpt":{"rendered":"<p>Il Sangiovese di Romagna parte alla conquista dei mercati esteri. E per farlo si regala una presentazione di tutto rispetto: l&rsquo;evento &ldquo;Vini ad Arte&rdquo;, manifestazione iniziata ieri (19 febbraio) e che si concluder&agrave; oggi al Museo Internazionale delle<\/p>\n","protected":false},"author":7,"featured_media":0,"comment_status":"open","ping_status":"open","sticky":false,"template":"","format":"standard","meta":{"footnotes":""},"categories":[3],"tags":[54],"class_list":["post-3199","post","type-post","status-publish","format-standard","hentry","category-turismo","tag-eventi-enogastronomici"],"aioseo_notices":[],"_links":{"self":[{"href":"https:\/\/www.minicity.it\/blog\/wp-json\/wp\/v2\/posts\/3199","targetHints":{"allow":["GET"]}}],"collection":[{"href":"https:\/\/www.minicity.it\/blog\/wp-json\/wp\/v2\/posts"}],"about":[{"href":"https:\/\/www.minicity.it\/blog\/wp-json\/wp\/v2\/types\/post"}],"author":[{"embeddable":true,"href":"https:\/\/www.minicity.it\/blog\/wp-json\/wp\/v2\/users\/7"}],"replies":[{"embeddable":true,"href":"https:\/\/www.minicity.it\/blog\/wp-json\/wp\/v2\/comments?post=3199"}],"version-history":[{"count":0,"href":"https:\/\/www.minicity.it\/blog\/wp-json\/wp\/v2\/posts\/3199\/revisions"}],"wp:attachment":[{"href":"https:\/\/www.minicity.it\/blog\/wp-json\/wp\/v2\/media?parent=3199"}],"wp:term":[{"taxonomy":"category","embeddable":true,"href":"https:\/\/www.minicity.it\/blog\/wp-json\/wp\/v2\/categories?post=3199"},{"taxonomy":"post_tag","embeddable":true,"href":"https:\/\/www.minicity.it\/blog\/wp-json\/wp\/v2\/tags?post=3199"}],"curies":[{"name":"wp","href":"https:\/\/api.w.org\/{rel}","templated":true}]}}