{"id":3210,"date":"2012-02-22T09:06:27","date_gmt":"2012-02-22T09:06:27","guid":{"rendered":"https:\/\/www.minicity.it\/blog\/?p=3210"},"modified":"2012-02-22T09:06:27","modified_gmt":"2012-02-22T09:06:27","slug":"crossroads-torna-da-febbraio-a-maggio-in-emilia-romagna","status":"publish","type":"post","link":"https:\/\/www.minicity.it\/blog\/2012\/02\/crossroads-torna-da-febbraio-a-maggio-in-emilia-romagna\/","title":{"rendered":"Crossroads torna da febbraio a maggio in Emilia-Romagna"},"content":{"rendered":"<p><strong><a href=\"https:\/\/www.minicity.it\/blog\/wp-content\/uploads\/2012\/02\/Crossroadsromagna.jpg\"><img loading=\"lazy\" decoding=\"async\" class=\"alignleft size-full wp-image-3212\" title=\"Crossroadsromagna\" src=\"https:\/\/www.minicity.it\/blog\/wp-content\/uploads\/2012\/02\/Crossroadsromagna.jpg\" alt=\"\" width=\"200\" height=\"150\" \/><\/a>Dal 25 febbraio<\/strong> la regione <strong>Emilia-Romagna<\/strong> si colora di jazz. Anche nel 2012, infatti, torna \u201cCrossroads\u201d, il festival itinerante di jazz che toccher\u00e0 la maggiori citt\u00e0 e cittadine emilia-romagnole e che<!--more--> andr\u00e0 avanti <strong>fino al 27 maggio<\/strong>. Si tratta, quest&#8217;anno, della tredicesima edizione del festival, che proporr\u00e0 circa 30 spettacoli che presenteranno al pubblico grandi nomi italiani e internazionali e nuove proposte che potrebbero diventare i grandi di domani.<\/p>\n<p><strong>Il festival<\/strong>, attesissimo, si aprir\u00e0 sabato 25 febbraio al teatro D\u00e9 Andr\u00e9 di Casalgrande con il trio composto dal sassofonista Javier Girotto, dalla voce di Peppe Servillo (artista e attore) e dal pianista Natalio Mangalavite. Tra i nomi che vanno ricordati per gli spettacoli a venire ricordiamo il quintetto multimediale formato da Paolo Fresu, Roswell Rudd, Danilo Rea, martux_m e Filippo Bianchi (5 maggio, Teatro Asioli a Correggio), lo spettacolo \u201cMemorie di Adriano\u201d al Teatro dell&#8217;Osservanza di Imola dove verranno ripercorsi i grandi successi di Adriano Celentano, riproposti da Fabrizio Bosso, Javier Girotto, Rita Marcotulli, Furio Di Castri e Beppe Servillo (10 maggio) o Petra Magoni e il bassista Ferruccio Spinetti a Russi il 19 aprile al teatro comunale. Tra i nomi internazionali spicca un&#8217;esibizione di Maria Jo\u00e3o con il pianista M\u00e1rio Laginha a Massa Lombarda, alla Sala del Carmine, l&#8217;8 marzo o il trio della funambolica pianista giapponese Hiromi (Ravenna, 29 aprile, al Teatro Alighieri).<\/p>\n<p>\u201cCrossroads\u201d \u00e8 organizzato da \u201cJazz Network\u201d con la collaborazione dell&#8217;Assessorato alla Cultura della Regione Emilia-Romagna. Per maggiori informazioni sul programma, le date e i prezzi consultare il sito internet del festival <strong>www.crossroads-it.org<\/strong>.<\/p>\n","protected":false},"excerpt":{"rendered":"<p>Dal 25 febbraio la regione Emilia-Romagna si colora di jazz. Anche nel 2012, infatti, torna &ldquo;Crossroads&rdquo;, il festival itinerante di jazz che toccher&agrave; la maggiori citt&agrave; e cittadine emilia-romagnole e che<\/p>\n","protected":false},"author":5,"featured_media":0,"comment_status":"open","ping_status":"open","sticky":false,"template":"","format":"standard","meta":{"footnotes":""},"categories":[3],"tags":[39],"class_list":["post-3210","post","type-post","status-publish","format-standard","hentry","category-turismo","tag-concerti"],"aioseo_notices":[],"_links":{"self":[{"href":"https:\/\/www.minicity.it\/blog\/wp-json\/wp\/v2\/posts\/3210","targetHints":{"allow":["GET"]}}],"collection":[{"href":"https:\/\/www.minicity.it\/blog\/wp-json\/wp\/v2\/posts"}],"about":[{"href":"https:\/\/www.minicity.it\/blog\/wp-json\/wp\/v2\/types\/post"}],"author":[{"embeddable":true,"href":"https:\/\/www.minicity.it\/blog\/wp-json\/wp\/v2\/users\/5"}],"replies":[{"embeddable":true,"href":"https:\/\/www.minicity.it\/blog\/wp-json\/wp\/v2\/comments?post=3210"}],"version-history":[{"count":0,"href":"https:\/\/www.minicity.it\/blog\/wp-json\/wp\/v2\/posts\/3210\/revisions"}],"wp:attachment":[{"href":"https:\/\/www.minicity.it\/blog\/wp-json\/wp\/v2\/media?parent=3210"}],"wp:term":[{"taxonomy":"category","embeddable":true,"href":"https:\/\/www.minicity.it\/blog\/wp-json\/wp\/v2\/categories?post=3210"},{"taxonomy":"post_tag","embeddable":true,"href":"https:\/\/www.minicity.it\/blog\/wp-json\/wp\/v2\/tags?post=3210"}],"curies":[{"name":"wp","href":"https:\/\/api.w.org\/{rel}","templated":true}]}}