{"id":3215,"date":"2012-02-22T16:46:29","date_gmt":"2012-02-22T16:46:29","guid":{"rendered":"https:\/\/www.minicity.it\/blog\/?p=3215"},"modified":"2012-02-22T16:46:29","modified_gmt":"2012-02-22T16:46:29","slug":"emilia-romagna-109-eventi-fieristici-nel-2012","status":"publish","type":"post","link":"https:\/\/www.minicity.it\/blog\/2012\/02\/emilia-romagna-109-eventi-fieristici-nel-2012\/","title":{"rendered":"Emilia-Romagna: 109 eventi fieristici nel 2012"},"content":{"rendered":"<p><a href=\"https:\/\/www.minicity.it\/blog\/wp-content\/uploads\/2012\/02\/eventifieristici.jpg\"><img loading=\"lazy\" decoding=\"async\" class=\"alignleft size-full wp-image-3218\" title=\"eventifieristici\" src=\"https:\/\/www.minicity.it\/blog\/wp-content\/uploads\/2012\/02\/eventifieristici.jpg\" alt=\"\" width=\"200\" height=\"157\" \/><\/a>L&#8217;<strong>Emilia-Romagna<\/strong> \u00e8 ormai uno degli attori nazionali leader nel <strong>settore fieristico<\/strong>, non solo del Bel Paese. Lo dice il <strong>calendario 2012<\/strong> presentato pochi giorni fa in Regione, in cui i numeri parlano chiaro: nel 2012 la regione ospiter\u00e0 42 eventi fieristici internazionali, 30 nazionali e 20 regionali. Un totale di 109 eventi che<!--more--> fanno capire immediatamente l&#8217;ampiezza del mercato.<\/p>\n<p>Di questi eventi la maggior parte riguardano il settore delle costruzioni (21%), seguito da quello \u201csalute e ambiente\u201d (al 17%) e, ovviamente, dall&#8217;alimentare (12%). Secondo Gian Carlo Muzzarelli, assessore regionale alle Attivit\u00e0 Produttive, con questi numeri la Regione Emilia-Romagna si conferma il secondo \u201chub\u201d fieristico a livello nazionale. E lo scopo \u00e8 continuare a crescere. Come? Specializzandosi sempre pi\u00f9, integrando il sistema fieristico in maniera coerente e qualificando le imprese sul territorio.<\/p>\n<p>Per questo per il 2012 \u00e8 stato lanciato il programma \u201cFiere e Filiere International 2012\u2033 con il quale la regione sosterr\u00e0 15 manifestazioni regionali che supportano filiere di eccellenza che possono essere promosse a livello nazionale ma che ora sono in difficolt\u00e0 economiche. Questo progetto rientra in un piano pi\u00f9 vasto, attivato per il periodo 2011-2013 che si chiama BRICST, e che prevede la promozione della regione in alcuni paesi a economia emergente (Brasile, Russia, India, Cina Sud Africa e Turchia).<\/p>\n<p>L&#8217;idea \u00e8 quella si sostenere il pi\u00f9 possibile l&#8217;export delle imprese della Regione Emilia-Romagna su prodotti ad altro contenuto di qualit\u00e0 come design, green economy, eno-gastronomia. Tra le citt\u00e0 che spiccano per gli eventi fieristici ricordiamo Rimini, Forl\u00ec-Cesena e Bologna, soprattutto.<\/p>\n","protected":false},"excerpt":{"rendered":"<p>L&rsquo;Emilia-Romagna &egrave; ormai uno degli attori nazionali leader nel settore fieristico, non solo del Bel Paese. Lo dice il calendario 2012 presentato pochi giorni fa in Regione, in cui i numeri parlano chiaro: nel 2012 la regione ospiter&agrave; 42 eventi fieristici internazionali, 30 nazionali e 20 regionali. Un totale di 109 eventi che<\/p>\n","protected":false},"author":5,"featured_media":0,"comment_status":"open","ping_status":"open","sticky":false,"template":"","format":"standard","meta":{"footnotes":""},"categories":[3],"tags":[52],"class_list":["post-3215","post","type-post","status-publish","format-standard","hentry","category-turismo","tag-fiere-turismo"],"aioseo_notices":[],"_links":{"self":[{"href":"https:\/\/www.minicity.it\/blog\/wp-json\/wp\/v2\/posts\/3215","targetHints":{"allow":["GET"]}}],"collection":[{"href":"https:\/\/www.minicity.it\/blog\/wp-json\/wp\/v2\/posts"}],"about":[{"href":"https:\/\/www.minicity.it\/blog\/wp-json\/wp\/v2\/types\/post"}],"author":[{"embeddable":true,"href":"https:\/\/www.minicity.it\/blog\/wp-json\/wp\/v2\/users\/5"}],"replies":[{"embeddable":true,"href":"https:\/\/www.minicity.it\/blog\/wp-json\/wp\/v2\/comments?post=3215"}],"version-history":[{"count":0,"href":"https:\/\/www.minicity.it\/blog\/wp-json\/wp\/v2\/posts\/3215\/revisions"}],"wp:attachment":[{"href":"https:\/\/www.minicity.it\/blog\/wp-json\/wp\/v2\/media?parent=3215"}],"wp:term":[{"taxonomy":"category","embeddable":true,"href":"https:\/\/www.minicity.it\/blog\/wp-json\/wp\/v2\/categories?post=3215"},{"taxonomy":"post_tag","embeddable":true,"href":"https:\/\/www.minicity.it\/blog\/wp-json\/wp\/v2\/tags?post=3215"}],"curies":[{"name":"wp","href":"https:\/\/api.w.org\/{rel}","templated":true}]}}