{"id":323,"date":"2011-02-22T10:36:47","date_gmt":"2011-02-22T10:36:47","guid":{"rendered":"https:\/\/www.minicity.it\/blog\/?p=323"},"modified":"2011-02-22T10:36:47","modified_gmt":"2011-02-22T10:36:47","slug":"marche-si-punta-sullautonomia-e-sul-binomio-turismo-agricoltura","status":"publish","type":"post","link":"https:\/\/www.minicity.it\/blog\/2011\/02\/marche-si-punta-sullautonomia-e-sul-binomio-turismo-agricoltura\/","title":{"rendered":"Marche: si punta sull&#8217;autonomia e sul binomio turismo-agricoltura"},"content":{"rendered":"<p>Continua la strategia marchigiana di promozione del turismo. Dopo l&#8217;accordo con Dustin Hoffman per un altro anno, dopo i finanziamenti regionali al turismo e dopo il successo alla Bit (Borsa internazionale del Turismo di Milano) si va avanti: \u00abLe Marche possono diventare una regione di moda, ma devono fare un salto di qualit\u00e0 nei prossimi anni. Siamo al bivio: o crediamo in noi stessi, come ha fatto la Puglia, o ci accontentiamo e rimaniamo poco conosciuti come oggi. La battaglia per il mantenimento del marchio e del testimonial \u00e8 stata fondamentale\u00bb, ha detto il presidente della Provincia di Pesaro e Urbino, Matteo Ricci.<\/p>\n<p>E ora si annuncia la riorganizzazione dei poli turistici marchigiani, lasciando pi\u00f9 autonomia alle province: \u00abDal trasferimento di funzioni dalla Regione alle Province abbiamo gi\u00e0 intrapreso la riorganizzazione dei 4 centri di Pesaro, Fano, Urbino e Gabicce Mare, gestiti direttamente da noi\u00bb, ha aggiunto Ricci. Si tratta di una riconversione generale in cui la regione e le province lavoreranno insieme: i comuni si occuperanno della sede, mentre la provincia dar\u00e0 il supporto informatico e il materiale.<\/p>\n<p>I punti Iat (Informazione e assistenza turistica) saranno quindi pi\u00f9 autonomi, con l&#8217;obiettivo di tutto questo sar\u00e0 aumentare la domanda turistica, intercettando soprattutto il binomio turismo-agricoltura: \u00abCon i punti Iat verr\u00e0 rafforzato il binomio turismo-agricoltura. Perch\u00e9 saranno anche bookshop e punti di vendita gestibile dei prodotti tipici, dai salumi al miele, passando per vini, formaggi e birra. In sostanza, tutto quello che pu\u00f2 essere confezionato: un modo per sostenere l\u2019agricoltura locale, aumentare la visibilit\u00e0 dei produttori e incentivare il benessere\u00bb, ha aggiunto Ricci. L&#8217;idea \u00e8 quella di lasciare la promozione del turismo alla Regione, mentre per quanto riguarda la strategia ogni provincia sar\u00e0 pi\u00f9 autonoma.<\/p>\n","protected":false},"excerpt":{"rendered":"<p>Continua la strategia marchigiana di promozione del turismo. Dopo l&rsquo;accordo con Dustin Hoffman per un altro anno, dopo i finanziamenti regionali al turismo e dopo il successo alla Bit (Borsa internazionale del Turismo di Milano) si va avanti: &laquo;Le Marche possono diventare una regione di moda, ma devono fare un salto di qualit&agrave; nei prossimi &#8230;<a class=\"post-readmore\" href=\"https:\/\/www.minicity.it\/blog\/2011\/02\/marche-si-punta-sullautonomia-e-sul-binomio-turismo-agricoltura\/\">read more<\/a><\/p>\n","protected":false},"author":1,"featured_media":0,"comment_status":"open","ping_status":"open","sticky":false,"template":"","format":"standard","meta":{"footnotes":""},"categories":[3],"tags":[32],"class_list":["post-323","post","type-post","status-publish","format-standard","hentry","category-turismo","tag-marche"],"aioseo_notices":[],"_links":{"self":[{"href":"https:\/\/www.minicity.it\/blog\/wp-json\/wp\/v2\/posts\/323","targetHints":{"allow":["GET"]}}],"collection":[{"href":"https:\/\/www.minicity.it\/blog\/wp-json\/wp\/v2\/posts"}],"about":[{"href":"https:\/\/www.minicity.it\/blog\/wp-json\/wp\/v2\/types\/post"}],"author":[{"embeddable":true,"href":"https:\/\/www.minicity.it\/blog\/wp-json\/wp\/v2\/users\/1"}],"replies":[{"embeddable":true,"href":"https:\/\/www.minicity.it\/blog\/wp-json\/wp\/v2\/comments?post=323"}],"version-history":[{"count":0,"href":"https:\/\/www.minicity.it\/blog\/wp-json\/wp\/v2\/posts\/323\/revisions"}],"wp:attachment":[{"href":"https:\/\/www.minicity.it\/blog\/wp-json\/wp\/v2\/media?parent=323"}],"wp:term":[{"taxonomy":"category","embeddable":true,"href":"https:\/\/www.minicity.it\/blog\/wp-json\/wp\/v2\/categories?post=323"},{"taxonomy":"post_tag","embeddable":true,"href":"https:\/\/www.minicity.it\/blog\/wp-json\/wp\/v2\/tags?post=323"}],"curies":[{"name":"wp","href":"https:\/\/api.w.org\/{rel}","templated":true}]}}