{"id":3239,"date":"2012-02-27T11:44:07","date_gmt":"2012-02-27T11:44:07","guid":{"rendered":"https:\/\/www.minicity.it\/blog\/?p=3239"},"modified":"2012-02-27T11:44:07","modified_gmt":"2012-02-27T11:44:07","slug":"emilia-romagna-un-nuovo-gestore-per-la-rete-ferroviaria","status":"publish","type":"post","link":"https:\/\/www.minicity.it\/blog\/2012\/02\/emilia-romagna-un-nuovo-gestore-per-la-rete-ferroviaria\/","title":{"rendered":"Emilia-Romagna: un nuovo gestore per la rete ferroviaria?"},"content":{"rendered":"<p><strong><img loading=\"lazy\" decoding=\"async\" class=\"alignleft size-full wp-image-3240\" title=\"reteferroviariaemiliaromagna\" src=\"https:\/\/www.minicity.it\/blog\/wp-content\/uploads\/2012\/02\/reteferroviariaemiliaromagna.jpg\" alt=\"\" width=\"200\" height=\"134\" \/>Il prossimo giugno<\/strong> verr\u00e0 indetta una gara pubblica a livello europeo per scegliere un nuovo gestore per la <strong>rete ferroviaria<\/strong> dell&#8217;<strong>Emilia-Romagna<\/strong>. Lo ha dichiarato la Regione durante un incontro ufficiale. La scelta \u00e8 dovuta al fatto che, a seguito delle forti nevicate che hanno colpito l&#8217;Emilia-Romagna<!--more--> e le Marche del nord tra gennaio e febbraio, il servizio \u00e8 stato fortemente penalizzato, ancora a pi\u00f9 di due settimane dall&#8217;emergenza neve. Stando alle dichiarazioni di Trenitalia, infatti, solo da <strong>venerd\u00ec 23 febbraio<\/strong> scorso i treni hanno ricominciato a circolare normalmente.<\/p>\n<p>Il bilancio di queste settimane \u00e8 grave: 2500 treni soppressi, met\u00e0 dei treni con danni e sistema informativo carente. Tra l&#8217;altro, si sta indagando per verificare che tipo di danno ha provocato il disservizio, per poter in parte, rimborsare gli utenti. I pi\u00f9 colpiti? I pendolari, sia lavoratori che studenti, che si sono visti impossibilitati a recarsi al lavoro o all&#8217;universit\u00e0.<\/p>\n<p>Lo ha dichiarato Alfredo Peri, assessore ai trasporti, dopo un incontro avvenuto con Trenitalia, Rfi (Rete ferroviaria italiana) e Cti (Consorzio Trasporti Integrati). Peri ha ammesso che questa emergenza \u00e8 stata al di sopra di ogni previsione: in ogni caso, secondo l&#8217;assessore, \u00e8 necessario rivalutare tutto il servizio. Cosa vuole fare la giunta?<\/p>\n<p>Sta calcolando le sanzioni per gli enti coinvolti, i rimborsi per gli utenti (viaggi gratis e biglietti) e i modi per migliorare il servizio. Secondo Peri, infatti, il problema \u00e8 che da oltre 8 anni a livello nazionale non si fanno investimenti sulla rete ferroviaria. Per questo, a giugno 2012, la regione aprir\u00e0 una gara che prevede un periodo pi\u00f9 lungo, con un obbligo, per chi vince, di investire profondamente nella rete.<\/p>\n","protected":false},"excerpt":{"rendered":"<p>Il prossimo giugno verr&agrave; indetta una gara pubblica a livello europeo per scegliere un nuovo gestore per la rete ferroviaria dell&rsquo;Emilia-Romagna. Lo ha dichiarato la Regione durante un incontro ufficiale. La scelta &egrave; dovuta al fatto che, a seguito delle forti nevicate che hanno colpito l&rsquo;Emilia-Romagna<\/p>\n","protected":false},"author":5,"featured_media":0,"comment_status":"open","ping_status":"open","sticky":false,"template":"","format":"standard","meta":{"footnotes":""},"categories":[3],"tags":[5],"class_list":["post-3239","post","type-post","status-publish","format-standard","hentry","category-turismo","tag-notizie"],"aioseo_notices":[],"_links":{"self":[{"href":"https:\/\/www.minicity.it\/blog\/wp-json\/wp\/v2\/posts\/3239","targetHints":{"allow":["GET"]}}],"collection":[{"href":"https:\/\/www.minicity.it\/blog\/wp-json\/wp\/v2\/posts"}],"about":[{"href":"https:\/\/www.minicity.it\/blog\/wp-json\/wp\/v2\/types\/post"}],"author":[{"embeddable":true,"href":"https:\/\/www.minicity.it\/blog\/wp-json\/wp\/v2\/users\/5"}],"replies":[{"embeddable":true,"href":"https:\/\/www.minicity.it\/blog\/wp-json\/wp\/v2\/comments?post=3239"}],"version-history":[{"count":0,"href":"https:\/\/www.minicity.it\/blog\/wp-json\/wp\/v2\/posts\/3239\/revisions"}],"wp:attachment":[{"href":"https:\/\/www.minicity.it\/blog\/wp-json\/wp\/v2\/media?parent=3239"}],"wp:term":[{"taxonomy":"category","embeddable":true,"href":"https:\/\/www.minicity.it\/blog\/wp-json\/wp\/v2\/categories?post=3239"},{"taxonomy":"post_tag","embeddable":true,"href":"https:\/\/www.minicity.it\/blog\/wp-json\/wp\/v2\/tags?post=3239"}],"curies":[{"name":"wp","href":"https:\/\/api.w.org\/{rel}","templated":true}]}}