{"id":327,"date":"2011-02-22T11:38:13","date_gmt":"2011-02-22T11:38:13","guid":{"rendered":"https:\/\/www.minicity.it\/blog\/?p=327"},"modified":"2011-02-22T11:38:13","modified_gmt":"2011-02-22T11:38:13","slug":"paolo-conte-in-tour-con-nelson","status":"publish","type":"post","link":"https:\/\/www.minicity.it\/blog\/2011\/02\/paolo-conte-in-tour-con-nelson\/","title":{"rendered":"Paolo Conte in tour con Nelson"},"content":{"rendered":"<p><a href=\"https:\/\/www.minicity.it\/blog\/wp-content\/uploads\/2011\/02\/paoloconte.jpg\" target=\"_blank\"><img loading=\"lazy\" decoding=\"async\" class=\"alignleft size-full wp-image-329\" style=\"margin: 5px 8px;\" title=\"paoloconte\" src=\"https:\/\/www.minicity.it\/blog\/wp-content\/uploads\/2011\/02\/paoloconte.jpg\" alt=\"\" width=\"200\" height=\"200\" \/><\/a>Il nuovo disco del cantautore, jazzista e avvocato Paolo Conte \u00e8 uscito lo scorso 12 ottobre. Si chiama Nelson e contiene 15 brani inediti. \u00abNelson \u00e8 semplicemente il nome di un bellissimo, grosso cane di cui sono stato il padrone. E viceversa. (\u2026) \u00c8 stato con noi 12 anni ed \u00e8 mancato due anni fa: era un pastore francese, aveva un carattere difficile, ma orecchie musicali: lui si accucciava l\u00ec con me, mentre suonavo. Io avevo il vezzo di finire le mie sessioni sempre con una frasettina musicale di Fats Waller, e lui aveva imparato a riconoscerla: quando la sentiva si alzava\u00bb. Il tour di Nelson \u00e8 iniziato nello scorso novembre e ha gi\u00e0 toccato Parigi, Londra, Amsterdam, Rotterdam, Lisbona, Roma e Milano. Nel 2011 sar\u00e0 a Cagliari, in Calabria e, il prossimo 12 aprile a Reggio Emilia, al Teatro Valli.<\/p>\n<p><strong>Quando:<\/strong> 12 aprile<\/p>\n<p><strong>Dove:<\/strong> teatro comunale Valli, Reggio Emilia<\/p>\n","protected":false},"excerpt":{"rendered":"<p>Il nuovo disco del cantautore, jazzista e avvocato Paolo Conte &egrave; uscito lo scorso 12 ottobre. Si chiama Nelson e contiene 15 brani inediti. &laquo;Nelson &egrave; semplicemente il nome di un bellissimo, grosso cane di cui sono stato il padrone. E viceversa. (&hellip;) &Egrave; stato con noi 12 anni ed &egrave; mancato due anni fa: &#8230;<a class=\"post-readmore\" href=\"https:\/\/www.minicity.it\/blog\/2011\/02\/paolo-conte-in-tour-con-nelson\/\">read more<\/a><\/p>\n","protected":false},"author":1,"featured_media":0,"comment_status":"open","ping_status":"open","sticky":false,"template":"","format":"standard","meta":{"footnotes":""},"categories":[3],"tags":[33],"class_list":["post-327","post","type-post","status-publish","format-standard","hentry","category-turismo","tag-eventi-riviera"],"aioseo_notices":[],"_links":{"self":[{"href":"https:\/\/www.minicity.it\/blog\/wp-json\/wp\/v2\/posts\/327","targetHints":{"allow":["GET"]}}],"collection":[{"href":"https:\/\/www.minicity.it\/blog\/wp-json\/wp\/v2\/posts"}],"about":[{"href":"https:\/\/www.minicity.it\/blog\/wp-json\/wp\/v2\/types\/post"}],"author":[{"embeddable":true,"href":"https:\/\/www.minicity.it\/blog\/wp-json\/wp\/v2\/users\/1"}],"replies":[{"embeddable":true,"href":"https:\/\/www.minicity.it\/blog\/wp-json\/wp\/v2\/comments?post=327"}],"version-history":[{"count":0,"href":"https:\/\/www.minicity.it\/blog\/wp-json\/wp\/v2\/posts\/327\/revisions"}],"wp:attachment":[{"href":"https:\/\/www.minicity.it\/blog\/wp-json\/wp\/v2\/media?parent=327"}],"wp:term":[{"taxonomy":"category","embeddable":true,"href":"https:\/\/www.minicity.it\/blog\/wp-json\/wp\/v2\/categories?post=327"},{"taxonomy":"post_tag","embeddable":true,"href":"https:\/\/www.minicity.it\/blog\/wp-json\/wp\/v2\/tags?post=327"}],"curies":[{"name":"wp","href":"https:\/\/api.w.org\/{rel}","templated":true}]}}