{"id":3286,"date":"2012-03-06T10:07:48","date_gmt":"2012-03-06T10:07:48","guid":{"rendered":"https:\/\/www.minicity.it\/blog\/?p=3286"},"modified":"2012-03-06T10:07:48","modified_gmt":"2012-03-06T10:07:48","slug":"aeroporto-fellini-un-collegamento-rimini-amsterdam","status":"publish","type":"post","link":"https:\/\/www.minicity.it\/blog\/2012\/03\/aeroporto-fellini-un-collegamento-rimini-amsterdam\/","title":{"rendered":"Aeroporto Fellini: un collegamento Rimini-Amsterdam"},"content":{"rendered":"<p><strong><a href=\"https:\/\/www.minicity.it\/blog\/wp-content\/uploads\/2011\/09\/aeroportofedericofellini.jpg\"><img loading=\"lazy\" decoding=\"async\" class=\"alignleft size-full wp-image-1470\" title=\"aeroportofedericofellini\" src=\"https:\/\/www.minicity.it\/blog\/wp-content\/uploads\/2011\/09\/aeroportofedericofellini.jpg\" alt=\"\" width=\"200\" height=\"178\" \/><\/a>Dal prossimo 22 maggio, e fino al 22 settembre<\/strong>, da <strong>Rimini<\/strong> si potr\u00e0 volare direttamente ad <strong>Amsterdam<\/strong> con un volo in pi\u00f9 rispetto a quello che gi\u00e0 esiste. Si tratta di un nuovo collegamento della compagnia Arke Fly, che fino al 2005 si chiamava Air Holland. Arke Fly aprir\u00e0 un collegamento con la capitale dai Paesi Bassi anche su Venezia. Il collegamento da Rimini sar\u00e0 ogni <!--more-->sabato, come quello che gi\u00e0 esiste di WindJet, che ora si effettua il marted\u00ec e il sabato, da fine marzo a fine ottobre.<\/p>\n<p>Si tratta di un&#8217;ulteriore passo avanti per l&#8217;<strong>aeroporto Federico Fellini<\/strong>, che negli ultimi anni sta segnando un trend di grande successo: lo scalo riminese ha visto aumentare enormemente il suo giro di passeggeri. Nel 2011, infatti, si \u00e8 registrato un trend molto positivo: oltre il 60% in pi\u00f9 di passeggeri rispetto al 2010. Per essere precisi, stando al dossier Assoaeroporti, l\u2019Associazione Italiana Gestori Aeroporti, sono transitati dalla citt\u00e0 romagnola ben 870 mila passeggeri, 340 mila in pi\u00f9 rispetto all&#8217;anno precedente.<\/p>\n<p>Tra le nazionalit\u00e0 maggiormente rappresentate ci sono, al primo posto, i russi, che nel 2011 sono stati quasi 400 mila. Seguono poi i turisti in arrivo da Germania, Francia, Polonia e Repubblica Ceca. In aumento anche i turisti in arrivo dai Paesi Bassi che ora, con questo potenziamento dei collegamenti, si pensa aumenteranno ulteriormente.<\/p>\n<p>Per maggiori informazioni consultare il sito web della compagnia aerea, <strong>www.arkefly.nl<\/strong>, oppure quello dell&#8217;aeroporto Fellini <strong>www.riminiairport.com.<\/strong><\/p>\n","protected":false},"excerpt":{"rendered":"<p>Dal prossimo 22 maggio, e fino al 22 settembre, da Rimini si potr&agrave; volare direttamente ad Amsterdam con un volo in pi&ugrave; rispetto a quello che gi&agrave; esiste. Si tratta di un nuovo collegamento della compagnia Arke Fly, che fino al 2005 si chiamava Air Holland. Arke Fly aprir&agrave; un collegamento con la capitale dai &#8230;<a class=\"post-readmore\" href=\"https:\/\/www.minicity.it\/blog\/2012\/03\/aeroporto-fellini-un-collegamento-rimini-amsterdam\/\">read more<\/a><\/p>\n","protected":false},"author":5,"featured_media":0,"comment_status":"open","ping_status":"open","sticky":false,"template":"","format":"standard","meta":{"footnotes":""},"categories":[3],"tags":[5,10],"class_list":["post-3286","post","type-post","status-publish","format-standard","hentry","category-turismo","tag-notizie","tag-rimini"],"aioseo_notices":[],"_links":{"self":[{"href":"https:\/\/www.minicity.it\/blog\/wp-json\/wp\/v2\/posts\/3286","targetHints":{"allow":["GET"]}}],"collection":[{"href":"https:\/\/www.minicity.it\/blog\/wp-json\/wp\/v2\/posts"}],"about":[{"href":"https:\/\/www.minicity.it\/blog\/wp-json\/wp\/v2\/types\/post"}],"author":[{"embeddable":true,"href":"https:\/\/www.minicity.it\/blog\/wp-json\/wp\/v2\/users\/5"}],"replies":[{"embeddable":true,"href":"https:\/\/www.minicity.it\/blog\/wp-json\/wp\/v2\/comments?post=3286"}],"version-history":[{"count":0,"href":"https:\/\/www.minicity.it\/blog\/wp-json\/wp\/v2\/posts\/3286\/revisions"}],"wp:attachment":[{"href":"https:\/\/www.minicity.it\/blog\/wp-json\/wp\/v2\/media?parent=3286"}],"wp:term":[{"taxonomy":"category","embeddable":true,"href":"https:\/\/www.minicity.it\/blog\/wp-json\/wp\/v2\/categories?post=3286"},{"taxonomy":"post_tag","embeddable":true,"href":"https:\/\/www.minicity.it\/blog\/wp-json\/wp\/v2\/tags?post=3286"}],"curies":[{"name":"wp","href":"https:\/\/api.w.org\/{rel}","templated":true}]}}