{"id":3305,"date":"2012-03-09T14:05:30","date_gmt":"2012-03-09T14:05:30","guid":{"rendered":"https:\/\/www.minicity.it\/blog\/?p=3305"},"modified":"2012-03-09T14:05:30","modified_gmt":"2012-03-09T14:05:30","slug":"rimini-premio-imprenditrici-di-successo","status":"publish","type":"post","link":"https:\/\/www.minicity.it\/blog\/2012\/03\/rimini-premio-imprenditrici-di-successo\/","title":{"rendered":"Rimini: premiate otto imprenditrici per la Festa della Donna"},"content":{"rendered":"<p><a href=\"https:\/\/www.minicity.it\/blog\/wp-content\/uploads\/2012\/03\/Imprenditricidisuccessorimini.jpg\"><img loading=\"lazy\" decoding=\"async\" class=\"alignleft size-full wp-image-3307\" title=\"Imprenditricidisuccessorimini\" src=\"https:\/\/www.minicity.it\/blog\/wp-content\/uploads\/2012\/03\/Imprenditricidisuccessorimini.jpg\" alt=\"\" width=\"200\" height=\"161\" \/><\/a>In occasione della <strong>Festa della Donna<\/strong>, che si \u00e8 celebrata ieri, <strong>gioved\u00ec 8 marzo<\/strong>, la citt\u00e0 di <strong>Rimini<\/strong> ha voluto premiare otto donne che si sono distinte nella vita e nella carriera. Si tratta ormai di una iniziativa che \u00e8 giunta alla nona edizione, promossa dall&#8217;amministrazione comunale, da Cna Impresa Donna e da Confartigianato Donne Impresa. Il premio, infatti, \u00e8 <!--more-->rivolto a donne, <strong>\u201cImprenditrici di successo\u201d<\/strong>, che hanno fatto scelte basate sull&#8217;innovazione, sulla qualit\u00e0 e su buone pratiche di lavoro, portando lustro anche alla citt\u00e0 di Rimini.<\/p>\n<p><strong>Chi sono le vincitrici di questa edizione?<\/strong> Si tratta di Cavalli Marinella di \u201cSpace\u201d, Casadei Nicoletta della Macelleria del Borgo, di Alessi Eleonora della Libreria per ragazzi e bambini \u201cLe Mille e una storia\u201d, di Rosati Patrizia, titolare di Arlotti Gomme srl, di Vietri Maria Maddalena, della Lavanderia Maddalena, di Fragner Tiziana Andrea di Starg@te di Esposito Lucia, dell&#8217;omonima impresa Esposito Cinture, ultima, ma non per meriti, di Moretti Annamaria della Vetreria Bellariva.<\/p>\n<p><strong>Il premio \u00e8 stato consegnato<\/strong> da Nadia Rossi, Assessore alle Politiche di Genere del Comune di Rimini, in Residenza. L&#8217;assessore nel suo discorso ha elogiato le otto donne per il coraggio, la determinazione e la competenza nel gestire, in un momento storico come quello che stiamo vivendo, imprese efficaci e di successo. La crisi economica, infatti, si fa sentire da ormai due anni e l&#8217;Italia \u00e8 un Paese conosciuto per avere quote di accesso all&#8217;impiego per le donne pi\u00f9 basse rispetto ai Paesi europei. Anche per questo l&#8217;esempio di queste otto imprenditrici \u00e8 ancora pi\u00f9 significativo. Alla cerimonia era presente il Sindaco di Rimini, Andrea Ganssi, e Valeria Piccari, vicepresidente della Commissione Pari opportunit\u00e0 del Comune di Rimini.<\/p>\n","protected":false},"excerpt":{"rendered":"<p>In occasione della Festa della Donna, che si &egrave; celebrata ieri, gioved&igrave; 8 marzo, la citt&agrave; di Rimini ha voluto premiare otto donne che si sono distinte nella vita e nella carriera. Si tratta ormai di una iniziativa che &egrave; giunta alla nona edizione, promossa dall&rsquo;amministrazione comunale, da Cna Impresa Donna e da Confartigianato Donne &#8230;<a class=\"post-readmore\" href=\"https:\/\/www.minicity.it\/blog\/2012\/03\/rimini-premio-imprenditrici-di-successo\/\">read more<\/a><\/p>\n","protected":false},"author":5,"featured_media":0,"comment_status":"open","ping_status":"open","sticky":false,"template":"","format":"standard","meta":{"footnotes":""},"categories":[3],"tags":[10],"class_list":["post-3305","post","type-post","status-publish","format-standard","hentry","category-turismo","tag-rimini"],"aioseo_notices":[],"_links":{"self":[{"href":"https:\/\/www.minicity.it\/blog\/wp-json\/wp\/v2\/posts\/3305","targetHints":{"allow":["GET"]}}],"collection":[{"href":"https:\/\/www.minicity.it\/blog\/wp-json\/wp\/v2\/posts"}],"about":[{"href":"https:\/\/www.minicity.it\/blog\/wp-json\/wp\/v2\/types\/post"}],"author":[{"embeddable":true,"href":"https:\/\/www.minicity.it\/blog\/wp-json\/wp\/v2\/users\/5"}],"replies":[{"embeddable":true,"href":"https:\/\/www.minicity.it\/blog\/wp-json\/wp\/v2\/comments?post=3305"}],"version-history":[{"count":0,"href":"https:\/\/www.minicity.it\/blog\/wp-json\/wp\/v2\/posts\/3305\/revisions"}],"wp:attachment":[{"href":"https:\/\/www.minicity.it\/blog\/wp-json\/wp\/v2\/media?parent=3305"}],"wp:term":[{"taxonomy":"category","embeddable":true,"href":"https:\/\/www.minicity.it\/blog\/wp-json\/wp\/v2\/categories?post=3305"},{"taxonomy":"post_tag","embeddable":true,"href":"https:\/\/www.minicity.it\/blog\/wp-json\/wp\/v2\/tags?post=3305"}],"curies":[{"name":"wp","href":"https:\/\/api.w.org\/{rel}","templated":true}]}}