{"id":3332,"date":"2012-03-14T13:27:58","date_gmt":"2012-03-14T13:27:58","guid":{"rendered":"https:\/\/www.minicity.it\/blog\/?p=3332"},"modified":"2012-03-14T13:27:58","modified_gmt":"2012-03-14T13:27:58","slug":"lemilia-romagna-si-promuove-in-india","status":"publish","type":"post","link":"https:\/\/www.minicity.it\/blog\/2012\/03\/lemilia-romagna-si-promuove-in-india\/","title":{"rendered":"L&#8217;Emilia-Romagna si promuove in India"},"content":{"rendered":"<p><a href=\"https:\/\/www.minicity.it\/blog\/wp-content\/uploads\/2012\/03\/progettoindiaromagna.jpg\"><img loading=\"lazy\" decoding=\"async\" class=\"alignleft size-full wp-image-3334\" title=\"progettoindiaromagna\" src=\"https:\/\/www.minicity.it\/blog\/wp-content\/uploads\/2012\/03\/progettoindiaromagna.jpg\" alt=\"\" width=\"200\" height=\"150\" \/><\/a>L&#8217;<strong>Emilia-Romagn<\/strong>a ha deciso di lanciarsi sul mercato indiano. Come? Attraverso un progetto specifico,<strong> \u201cProgetto India\u201d,<\/strong> promosso da Unioncamere Emilia-Romagna, sistema camerale regionale e Regione Emilia Romagna, in collaborazione con la Camera di Commercio Indo-Italiana di Mumbay. La <!--more-->Regione ha, infatti, accettato di finanziare questo progetto per il 50% del totale, usando i fondi del programma pluriennale Bricst.<\/p>\n<p><strong>Come si comincia?<\/strong> Grazie a \u201cProgetto India\u201d sono gi\u00e0 in programma tre giornata che serviranno alle imprese emiliano-romagnole per conoscere e farsi conoscere da 12 operatori in arrivo dall&#8217;India. I settori interessati sono cinque: meccanica strumentale, ambiente e energie rinnovabili (settore sul quale la regione sta spingendo molto negli ultimi anni), edilizia e costruzione e tecnologie per il settore agroalimentare.<\/p>\n<p>Il primo incontro si terr\u00e0 il prossimo 19 marzo (luned\u00ec) a Parma, seguir\u00e0 mercoled\u00ec 21 marzo a Bologna e si concluder\u00e0 il 22 marzo (gioved\u00ec) a Forl\u00ec. Questi incotri arrivano dopo una serie di appuntamenti che le nostre aziende hanno gi\u00e0 tenuto in India nello scorso dicembre a Mumbai, Chandigarh, Bangalore e Delhi.<\/p>\n<p><strong>Il programma pluriennale<\/strong> Bricst \u00e8 un piano regionale attivato per il periodo 2011-2013 che mira a promuovere la regione Emilia-Romagna in diversi paesi esteri a economia emergente e in settori diversi. Lo scopo \u00e8 quello di aumentare le esportazioni regionali e fare dell&#8217;Emilia-Romagna un punto di incontro dell&#8217;economia internazionale. I settori sui quali si \u00e8 deciso di puntare sono, in particolare il design, la green economy e l&#8217;eno-gastronomia. Bricst \u00e8 un acronimo per Brasile, Russia, India, Cina Sud Africa e Turchia.<\/p>\n","protected":false},"excerpt":{"rendered":"<p>L&rsquo;Emilia-Romagna ha deciso di lanciarsi sul mercato indiano. Come? Attraverso un progetto specifico, &ldquo;Progetto India&rdquo;, promosso da Unioncamere Emilia-Romagna, sistema camerale regionale e Regione Emilia Romagna, in collaborazione con la Camera di Commercio Indo-Italiana di Mumbay. La<\/p>\n","protected":false},"author":7,"featured_media":0,"comment_status":"open","ping_status":"open","sticky":false,"template":"","format":"standard","meta":{"footnotes":""},"categories":[3],"tags":[],"class_list":["post-3332","post","type-post","status-publish","format-standard","hentry","category-turismo"],"aioseo_notices":[],"_links":{"self":[{"href":"https:\/\/www.minicity.it\/blog\/wp-json\/wp\/v2\/posts\/3332","targetHints":{"allow":["GET"]}}],"collection":[{"href":"https:\/\/www.minicity.it\/blog\/wp-json\/wp\/v2\/posts"}],"about":[{"href":"https:\/\/www.minicity.it\/blog\/wp-json\/wp\/v2\/types\/post"}],"author":[{"embeddable":true,"href":"https:\/\/www.minicity.it\/blog\/wp-json\/wp\/v2\/users\/7"}],"replies":[{"embeddable":true,"href":"https:\/\/www.minicity.it\/blog\/wp-json\/wp\/v2\/comments?post=3332"}],"version-history":[{"count":0,"href":"https:\/\/www.minicity.it\/blog\/wp-json\/wp\/v2\/posts\/3332\/revisions"}],"wp:attachment":[{"href":"https:\/\/www.minicity.it\/blog\/wp-json\/wp\/v2\/media?parent=3332"}],"wp:term":[{"taxonomy":"category","embeddable":true,"href":"https:\/\/www.minicity.it\/blog\/wp-json\/wp\/v2\/categories?post=3332"},{"taxonomy":"post_tag","embeddable":true,"href":"https:\/\/www.minicity.it\/blog\/wp-json\/wp\/v2\/tags?post=3332"}],"curies":[{"name":"wp","href":"https:\/\/api.w.org\/{rel}","templated":true}]}}