{"id":3366,"date":"2012-03-20T12:18:07","date_gmt":"2012-03-20T12:18:07","guid":{"rendered":"https:\/\/www.minicity.it\/blog\/?p=3366"},"modified":"2012-03-20T12:18:07","modified_gmt":"2012-03-20T12:18:07","slug":"galli-prospettive-stagione-turistica-romagnola-2012","status":"publish","type":"post","link":"https:\/\/www.minicity.it\/blog\/2012\/03\/galli-prospettive-stagione-turistica-romagnola-2012\/","title":{"rendered":"Galli: le prospettive della stagione turistica romagnola per il 2012"},"content":{"rendered":"<p><a href=\"https:\/\/www.minicity.it\/blog\/wp-content\/uploads\/2011\/11\/notizieturismoromagna.jpg\"><img loading=\"lazy\" decoding=\"async\" class=\"alignleft size-full wp-image-2462\" title=\"notizieturismoromagna\" src=\"https:\/\/www.minicity.it\/blog\/wp-content\/uploads\/2011\/11\/notizieturismoromagna.jpg\" alt=\"\" width=\"200\" height=\"136\" \/><\/a>La primavera \u00e8 ormai arrivata, con lei i primi soli, e i primi fine settimana al mare. Con l&#8217;arrivo della stagione turistica l&#8217;assessore al <strong>Turismo della Provincia di Rimini<\/strong>, <strong>Fabio Galli<\/strong>, ha commentato il 2012. Secondo l&#8217;amministratore, infatti, questa che sta per affacciarsi, sar\u00e0 una vera sfida per Rimini e Provincia: la crisi economica si sta facendo sentire sempre di pi\u00f9 e, inoltre, a fronte di <!--more-->un 2011 piuttosto positivo (pi\u00f9 4% delle presenze, soprattutto grazie agli stranieri) sar\u00e0 dura mantenere il trend.<\/p>\n<p><strong>I dati del 2011<\/strong>, infatti, sono stati favoriti da due fattori, sui quali non si pu\u00f2 sempre contare: un clima particolarmente favorevole e la crisi dei paesi del Nord Africa, con un conseguente drastico calo delle presenze turistiche. Purtroppo, infatti, nel 2012 non si potr\u00e0 contare su molti ponti, cosa che per la Riviera Romagnola \u00e8 da sempre positiva. Per Galli, infatti, la sfida del 2012 \u00e8 quella di mantenersi sui livelli del 2011, e anzi di superarli: l&#8217;obiettivo \u00e8 pensare a un&#8217;offerta turistica ancora pi\u00f9 mirata, che permetta di aumentare i flussi e offrire ai clienti esattamente quello che cercano. Da questo punto di vista non vanno dimenticati gli stranieri, che per il 2011 sono stati una manna dal cielo: russi, tedeschi e scandinavi. Altro punto a favore di Rimini \u00e8 provincia \u00e8 il suo entroterra, che attira sempre pi\u00f9 turisti, sia italiani che stranieri. Per questo, la provincia ha deciso di lanciare queste zone con un marchio, &#8220;Malatesta &amp; Montefeltro&#8221;, che permetta di renderle il pi\u00f9 riconoscibili possibile.<\/p>\n<p><strong>Il trend degli ultimi anni<\/strong>, infatti, \u00e8 quello di visitare borghi medievali, gustare vini e prodotti del territorio e conoscere storia e tradizione: tutte cose di cui l&#8217;entroterra romagnolo \u00e8 molto ricco. Altro punto a favore, la <strong>Notte Rosa 2012<\/strong>, confermata il primo fine settimana di luglio: per quest&#8217;anno si vogliono raggiungere i due milioni di presenze. Insomma, grandi prospettive per una stagione che ormai \u00e8 alle porte.<\/p>\n","protected":false},"excerpt":{"rendered":"<p>La primavera &egrave; ormai arrivata, con lei i primi soli, e i primi fine settimana al mare. Con l&rsquo;arrivo della stagione turistica l&rsquo;assessore al Turismo della Provincia di Rimini, Fabio Galli, ha commentato il 2012. Secondo l&rsquo;amministratore, infatti, questa che sta per affacciarsi, sar&agrave; una vera sfida per Rimini e Provincia: la crisi economica si &#8230;<a class=\"post-readmore\" href=\"https:\/\/www.minicity.it\/blog\/2012\/03\/galli-prospettive-stagione-turistica-romagnola-2012\/\">read more<\/a><\/p>\n","protected":false},"author":5,"featured_media":0,"comment_status":"open","ping_status":"open","sticky":false,"template":"","format":"standard","meta":{"footnotes":""},"categories":[3],"tags":[10,44],"class_list":["post-3366","post","type-post","status-publish","format-standard","hentry","category-turismo","tag-rimini","tag-statistiche"],"aioseo_notices":[],"_links":{"self":[{"href":"https:\/\/www.minicity.it\/blog\/wp-json\/wp\/v2\/posts\/3366","targetHints":{"allow":["GET"]}}],"collection":[{"href":"https:\/\/www.minicity.it\/blog\/wp-json\/wp\/v2\/posts"}],"about":[{"href":"https:\/\/www.minicity.it\/blog\/wp-json\/wp\/v2\/types\/post"}],"author":[{"embeddable":true,"href":"https:\/\/www.minicity.it\/blog\/wp-json\/wp\/v2\/users\/5"}],"replies":[{"embeddable":true,"href":"https:\/\/www.minicity.it\/blog\/wp-json\/wp\/v2\/comments?post=3366"}],"version-history":[{"count":0,"href":"https:\/\/www.minicity.it\/blog\/wp-json\/wp\/v2\/posts\/3366\/revisions"}],"wp:attachment":[{"href":"https:\/\/www.minicity.it\/blog\/wp-json\/wp\/v2\/media?parent=3366"}],"wp:term":[{"taxonomy":"category","embeddable":true,"href":"https:\/\/www.minicity.it\/blog\/wp-json\/wp\/v2\/categories?post=3366"},{"taxonomy":"post_tag","embeddable":true,"href":"https:\/\/www.minicity.it\/blog\/wp-json\/wp\/v2\/tags?post=3366"}],"curies":[{"name":"wp","href":"https:\/\/api.w.org\/{rel}","templated":true}]}}