{"id":340,"date":"2011-02-23T10:32:05","date_gmt":"2011-02-23T10:32:05","guid":{"rendered":"https:\/\/www.minicity.it\/blog\/?p=340"},"modified":"2011-02-23T10:32:05","modified_gmt":"2011-02-23T10:32:05","slug":"pj-harvey-a-ferrara-sotto-le-stelle-2011","status":"publish","type":"post","link":"https:\/\/www.minicity.it\/blog\/2011\/02\/pj-harvey-a-ferrara-sotto-le-stelle-2011\/","title":{"rendered":"Pj Harvey a Ferrara sotto le stelle 2011"},"content":{"rendered":"<p><a href=\"https:\/\/www.minicity.it\/blog\/wp-content\/uploads\/2011\/02\/concertoferrara.jpg\" target=\"_blank\"><img loading=\"lazy\" decoding=\"async\" class=\"alignleft size-full wp-image-341\" style=\"margin: 5px 8px;\" title=\"concertoferrara\" src=\"https:\/\/www.minicity.it\/blog\/wp-content\/uploads\/2011\/02\/concertoferrara.jpg\" alt=\"\" width=\"150\" height=\"211\" \/><\/a>Il sei luglio prossimo la cantautrice inglese Polly Jane Harvey sar\u00e0 sui palchi di Piazza del Castello per Ferrara sotto le stelle. Il nuovo album, uscito il 15 febbraio scorso, Let&#8217;s England Shake, \u00e8 gi\u00e0 un successo e verr\u00e0 presentato in questa data emiliana, unica in Italia. Il disco \u00e8 prodotto dalla stessa Pj Harvey con John Parish, che aveva partecipato anche al precedente lavoro della cantante. L&#8217;uscita di Let&#8217;s England Shake \u00e8 stata preceduta del singolo The Words That Maketh Murder.<\/p>\n<p><strong>Dove:<\/strong> Piazza del Castello, Ferrara<\/p>\n<p><strong>Quando:<\/strong> 6 luglio 2011<\/p>\n","protected":false},"excerpt":{"rendered":"<p>Il sei luglio prossimo la cantautrice inglese Polly Jane Harvey sar&agrave; sui palchi di Piazza del Castello per Ferrara sotto le stelle. Il nuovo album, uscito il 15 febbraio scorso, Let&rsquo;s England Shake, &egrave; gi&agrave; un successo e verr&agrave; presentato in questa data emiliana, unica in Italia. Il disco &egrave; prodotto dalla stessa Pj Harvey &#8230;<a class=\"post-readmore\" href=\"https:\/\/www.minicity.it\/blog\/2011\/02\/pj-harvey-a-ferrara-sotto-le-stelle-2011\/\">read more<\/a><\/p>\n","protected":false},"author":1,"featured_media":0,"comment_status":"open","ping_status":"open","sticky":false,"template":"","format":"standard","meta":{"footnotes":""},"categories":[3],"tags":[33],"class_list":["post-340","post","type-post","status-publish","format-standard","hentry","category-turismo","tag-eventi-riviera"],"aioseo_notices":[],"_links":{"self":[{"href":"https:\/\/www.minicity.it\/blog\/wp-json\/wp\/v2\/posts\/340","targetHints":{"allow":["GET"]}}],"collection":[{"href":"https:\/\/www.minicity.it\/blog\/wp-json\/wp\/v2\/posts"}],"about":[{"href":"https:\/\/www.minicity.it\/blog\/wp-json\/wp\/v2\/types\/post"}],"author":[{"embeddable":true,"href":"https:\/\/www.minicity.it\/blog\/wp-json\/wp\/v2\/users\/1"}],"replies":[{"embeddable":true,"href":"https:\/\/www.minicity.it\/blog\/wp-json\/wp\/v2\/comments?post=340"}],"version-history":[{"count":0,"href":"https:\/\/www.minicity.it\/blog\/wp-json\/wp\/v2\/posts\/340\/revisions"}],"wp:attachment":[{"href":"https:\/\/www.minicity.it\/blog\/wp-json\/wp\/v2\/media?parent=340"}],"wp:term":[{"taxonomy":"category","embeddable":true,"href":"https:\/\/www.minicity.it\/blog\/wp-json\/wp\/v2\/categories?post=340"},{"taxonomy":"post_tag","embeddable":true,"href":"https:\/\/www.minicity.it\/blog\/wp-json\/wp\/v2\/tags?post=340"}],"curies":[{"name":"wp","href":"https:\/\/api.w.org\/{rel}","templated":true}]}}