{"id":3401,"date":"2012-03-24T09:24:10","date_gmt":"2012-03-24T09:24:10","guid":{"rendered":"https:\/\/www.minicity.it\/blog\/?p=3401"},"modified":"2012-03-26T10:34:21","modified_gmt":"2012-03-26T10:34:21","slug":"a-rimini-fino-a-domenica-armonie-dacqua","status":"publish","type":"post","link":"https:\/\/www.minicity.it\/blog\/2012\/03\/a-rimini-fino-a-domenica-armonie-dacqua\/","title":{"rendered":"A Rimini, fino a domenica, \u201cArmonie d&#8217;Acqua\u201d"},"content":{"rendered":"<p><a href=\"https:\/\/www.minicity.it\/blog\/wp-content\/uploads\/2012\/03\/ArmonieAcquarimini.jpg\"><img loading=\"lazy\" decoding=\"async\" class=\"alignleft size-full wp-image-3402\" title=\"ArmonieAcquarimini\" src=\"https:\/\/www.minicity.it\/blog\/wp-content\/uploads\/2012\/03\/ArmonieAcquarimini.jpg\" alt=\"\" width=\"200\" height=\"121\" \/><\/a>Da oggi, e fino a <strong>domenica 25 marzo a Rimini<\/strong> si celebra il centenario dell&#8217;<strong>Acquedotto e la giornata Mondiale dell&#8217;acqua 2012<\/strong> con una festa, \u201cArmonie d&#8217;acqua\u201d, che \u00e8 stata organizzata dall\u2019Associazione Culturale \u201cConsorzio dei Saperi\u201d, con la collaborazione di Amir, di Hera, di Romagna Acque e del Comune di Rimini.<\/p>\n<p>\u201cArmonie d&#8217;acqua\u201d si terr\u00e0 in quattro luoghi in<!--more--> particolare della citt\u00e0: il Palazzo del Podest\u00e0, il Teatro degli Atti, Piazza Tre Martiri e il Museo della Citt\u00e0. Qui verranno allestite mostre e installazioni che al centro hanno questo elemento, in tutte le forme che esso pu\u00f2 assumere.<\/p>\n<p>Si parte della mattinata di oggi con l&#8217;inaugurazione delle diverse installazioni dedicate all&#8217;acqua, per passare al pomeriggio, quando si terr\u00e0 una lezione che al centro ha un pezzo importante di Rimini. \u201cPer una storia della Fontana della Pigna\u201d sar\u00e0 tenuta da Gilberto Avella, con gli interventi di Gloria Lisi, Vicesindaco di Rimini, e Massimo Pulini, Assessore alla Cultura.<\/p>\n<p>La Fontana della Pigna, si trova in Piazza Cavour a Rimini: grazie a questa fontana, prima dell&#8217;installazione dell&#8217;acquedotto (che avvenne nel 1912) i riminesi hanno avuto accesso all&#8217;acqua potabile. La Fontana della Pigna \u00e8 stata anche visitata da Leonardo da Vinci. Durante questa lezione verr\u00e0 spiegata la sua funzione e il suo valore. Sempre questa fontana sar\u00e0 al centro dello spettacolo di domani, venerd\u00ec 23 marzo, al Teatro degli Atti, dove Ivano Marescotti di esibir\u00e0 in \u201cLa Fontana della Pigna. Il racconto\u201d.<\/p>\n<p>Sabato 24, invece, al Palazzo del Podest\u00e0, a partire della ore 17:30, si terr\u00e0 la conferenza \u201cL\u2019acqua e il principio, l\u2019acqua e il bene comune\u201d, con la partecipazione di Sara Visintin, Assessore all\u2019Ambiente di Rimini, la giornalista Vera Bessone e Donato Piegari, psicologo. Insomma, tante iniziative divertenti e stimolanti per tutto il fine settimana. Per il programma completo visitare www.riminiturismo.it.<\/p>\n","protected":false},"excerpt":{"rendered":"<p>Da oggi, e fino a domenica 25 marzo a Rimini si celebra il centenario dell&rsquo;Acquedotto e la giornata Mondiale dell&rsquo;acqua 2012 con una festa, &ldquo;Armonie d&rsquo;acqua&rdquo;, che &egrave; stata organizzata dall&rsquo;Associazione Culturale &ldquo;Consorzio dei Saperi&rdquo;, con la collaborazione di Amir, di Hera, di Romagna Acque e del Comune di Rimini. &ldquo;Armonie d&rsquo;acqua&rdquo; si terr&agrave; in &#8230;<a class=\"post-readmore\" href=\"https:\/\/www.minicity.it\/blog\/2012\/03\/a-rimini-fino-a-domenica-armonie-dacqua\/\">read more<\/a><\/p>\n","protected":false},"author":5,"featured_media":0,"comment_status":"open","ping_status":"open","sticky":false,"template":"","format":"standard","meta":{"footnotes":""},"categories":[3],"tags":[10],"class_list":["post-3401","post","type-post","status-publish","format-standard","hentry","category-turismo","tag-rimini"],"aioseo_notices":[],"_links":{"self":[{"href":"https:\/\/www.minicity.it\/blog\/wp-json\/wp\/v2\/posts\/3401","targetHints":{"allow":["GET"]}}],"collection":[{"href":"https:\/\/www.minicity.it\/blog\/wp-json\/wp\/v2\/posts"}],"about":[{"href":"https:\/\/www.minicity.it\/blog\/wp-json\/wp\/v2\/types\/post"}],"author":[{"embeddable":true,"href":"https:\/\/www.minicity.it\/blog\/wp-json\/wp\/v2\/users\/5"}],"replies":[{"embeddable":true,"href":"https:\/\/www.minicity.it\/blog\/wp-json\/wp\/v2\/comments?post=3401"}],"version-history":[{"count":0,"href":"https:\/\/www.minicity.it\/blog\/wp-json\/wp\/v2\/posts\/3401\/revisions"}],"wp:attachment":[{"href":"https:\/\/www.minicity.it\/blog\/wp-json\/wp\/v2\/media?parent=3401"}],"wp:term":[{"taxonomy":"category","embeddable":true,"href":"https:\/\/www.minicity.it\/blog\/wp-json\/wp\/v2\/categories?post=3401"},{"taxonomy":"post_tag","embeddable":true,"href":"https:\/\/www.minicity.it\/blog\/wp-json\/wp\/v2\/tags?post=3401"}],"curies":[{"name":"wp","href":"https:\/\/api.w.org\/{rel}","templated":true}]}}