{"id":3424,"date":"2012-03-30T13:02:45","date_gmt":"2012-03-30T13:02:45","guid":{"rendered":"https:\/\/www.minicity.it\/blog\/?p=3424"},"modified":"2012-03-30T13:02:45","modified_gmt":"2012-03-30T13:02:45","slug":"cervia-torna-radio3-in-festival","status":"publish","type":"post","link":"https:\/\/www.minicity.it\/blog\/2012\/03\/cervia-torna-radio3-in-festival\/","title":{"rendered":"Cervia: torna Radio3 In Festival"},"content":{"rendered":"<p><strong><img loading=\"lazy\" decoding=\"async\" class=\"aligncenter size-full wp-image-3426\" title=\"radio3festivalcervia\" src=\"https:\/\/www.minicity.it\/blog\/wp-content\/uploads\/2012\/03\/radio3festivalcervia.jpg\" alt=\"\" width=\"500\" height=\"157\" \/><br \/>\nCervia<\/strong> si prepara, anche quest\u2019anno, a ospitare il <strong>Radio3 In Festival<\/strong>, il grande festival di Radio3, che si terr\u00e0 in citt\u00e0 il <strong>13, 14 e 15 aprile 2012<\/strong>.<br \/>\nSi tratta di una grande kermesse di musica, teatro, spettacoli, parole e emozioni che animeranno il Magazzino del Sale e<!--more--> Piazza Garibaldi per tre giorni di grandi eventi. Radio3 In Festival partir\u00e0 alle 15.00 di venerd\u00ec 13 aprile e si concluder\u00e0 alle 14.00 di domenica 15 aprile.<\/p>\n<p><strong>Come si partecipa?<\/strong> Semplice, basta andare a Cervia e godersi il clima e la musica. Per chi non si trova sul posto, invece, si potr\u00e0 godere lo spettacolo o via radio, o attraverso la diretta Web. L&#8217;ingresso a Radio3 In Festival \u00e8 gratuito fino ad esaurimento dei posti disponibili.<\/p>\n<p><strong>Chi sono gli ospiti di questa edizione?<\/strong> Solo per citare alcuni nomi, ricordiamo gli Area, che terranno un concerto, Nicola Piovani, i pianisti Massimiliano Damerini e Marco Rapetti, Stefano Bollani, David Riondino e il comico bolognese Alessandro Bergonzoni. Tra le trasmissioni famose che verranno trasmesse in diretta da Cervia ci sono Italianesi, Dottor Djemb\u00e8, Lezioni di Musica, Tutta la citt\u00e0 ne Parla, Radio3 Mondo e Uomini e Profeti.<\/p>\n<p>Radio3 In Festival sar\u00e0 un&#8217;occasione per godere dei primi soli di primavera e del mare Adriatico, quando ancora le spiagge non sono affollate. Per questo gli hotel di Cervia si stanno preparando per questo grande evento che porter\u00e0 in Romagna migliaia di turisti, curiosi e amanti della buona musica.<\/p>\n<p><strong>Per maggiori informazioni<\/strong> consultare il sito di Radio3 o chiamare il numero 0544 979302.<\/p>\n","protected":false},"excerpt":{"rendered":"<p>Cervia si prepara, anche quest&rsquo;anno, a ospitare il Radio3 In Festival, il grande festival di Radio3, che si terr&agrave; in citt&agrave; il 13, 14 e 15 aprile 2012. Si tratta di una grande kermesse di musica, teatro, spettacoli, parole e emozioni che animeranno il Magazzino del Sale e<\/p>\n","protected":false},"author":5,"featured_media":0,"comment_status":"open","ping_status":"open","sticky":false,"template":"","format":"standard","meta":{"footnotes":""},"categories":[3],"tags":[20,33],"class_list":["post-3424","post","type-post","status-publish","format-standard","hentry","category-turismo","tag-cervia","tag-eventi-riviera"],"aioseo_notices":[],"_links":{"self":[{"href":"https:\/\/www.minicity.it\/blog\/wp-json\/wp\/v2\/posts\/3424","targetHints":{"allow":["GET"]}}],"collection":[{"href":"https:\/\/www.minicity.it\/blog\/wp-json\/wp\/v2\/posts"}],"about":[{"href":"https:\/\/www.minicity.it\/blog\/wp-json\/wp\/v2\/types\/post"}],"author":[{"embeddable":true,"href":"https:\/\/www.minicity.it\/blog\/wp-json\/wp\/v2\/users\/5"}],"replies":[{"embeddable":true,"href":"https:\/\/www.minicity.it\/blog\/wp-json\/wp\/v2\/comments?post=3424"}],"version-history":[{"count":0,"href":"https:\/\/www.minicity.it\/blog\/wp-json\/wp\/v2\/posts\/3424\/revisions"}],"wp:attachment":[{"href":"https:\/\/www.minicity.it\/blog\/wp-json\/wp\/v2\/media?parent=3424"}],"wp:term":[{"taxonomy":"category","embeddable":true,"href":"https:\/\/www.minicity.it\/blog\/wp-json\/wp\/v2\/categories?post=3424"},{"taxonomy":"post_tag","embeddable":true,"href":"https:\/\/www.minicity.it\/blog\/wp-json\/wp\/v2\/tags?post=3424"}],"curies":[{"name":"wp","href":"https:\/\/api.w.org\/{rel}","templated":true}]}}