{"id":3430,"date":"2012-04-02T12:21:15","date_gmt":"2012-04-02T12:21:15","guid":{"rendered":"https:\/\/www.minicity.it\/blog\/?p=3430"},"modified":"2012-04-02T12:21:29","modified_gmt":"2012-04-02T12:21:29","slug":"a-cesenatico-un-convegno-di-archeologia-storia-e-etnologia-navale","status":"publish","type":"post","link":"https:\/\/www.minicity.it\/blog\/2012\/04\/a-cesenatico-un-convegno-di-archeologia-storia-e-etnologia-navale\/","title":{"rendered":"A Cesenatico un convegno di Archeologia, storia e etnologia navale"},"content":{"rendered":"<p><strong><a href=\"https:\/\/www.minicity.it\/blog\/wp-content\/uploads\/2012\/04\/convegnoarcheologiacesenatico.jpg\"><img loading=\"lazy\" decoding=\"async\" class=\"alignleft size-full wp-image-3433\" title=\"convegnoarcheologiacesenatico\" src=\"https:\/\/www.minicity.it\/blog\/wp-content\/uploads\/2012\/04\/convegnoarcheologiacesenatico.jpg\" alt=\"\" width=\"200\" height=\"281\" \/><\/a>Venerd\u00ec 13 e sabato 14 aprile<\/strong> prossimi a <strong>Cesenatico<\/strong> si terr\u00e0 un importante <strong>Convegno nazionale<\/strong>. Si tratta di <strong>\u201cArcheologia, storia e etnologia navale\u201d<\/strong>, appuntamento ormai giunto alla seconda edizione e che ha gi\u00e0 mostrato la sua rilevanza per aver ospitato importanti studiosi e ricercatori. Come per la passata edizione, i lavori si terranno al Museo della Marineria di Cesenatico.<\/p>\n<p>I lavori <strong>inizieranno venerd\u00ec 13 aprile<\/strong>: al mattino si parler\u00e0 di archeologia e al pomeriggio di storia navale. Verranno <!--more-->presentati gli ultimi ritrovamenti in questo campo di fronte ai rappresentanti dei Musei nazionali, degli Enti di Ricerca e del Ministero. L&#8217;Italia, infatti, grazie alla sua lunga storia marinara, \u00e8 uno dei paesi pi\u00f9 ricchi da questo punto di vista. Per questo, infatti, la giornata di sabato 14 aprile \u00e8 dedicata proprio alla valorizzazione di questo immenso patrimonio: la discussione, dal titolo &#8220;Per la salvezza del patrimonio marittimo italiano&#8221;, vedr\u00e0 gli esperti del settore confrontarsi su questo tema, alla ricerca di soluzioni e idee.<\/p>\n<p>\u201cArcheologia, storia e etnologia navale\u201d \u00e8 un appuntamento aperto al pubblico, che potr\u00e0 entrare liberamente proprio perch\u00e9 l&#8217;evento \u00e8 pensato anche come momento divulgativo. Saranno presenti la stampa e le autorit\u00e0 della citt\u00e0, oltre che i rappresentati delle Universit\u00e0 e dei centri di ricerca.<\/p>\n<p><strong>Durante la due giorni<\/strong> si terranno anche eventi collaterali, come discussioni di libri e mostre. \u00c8 questo il caso di &#8220;Piroghe e zattere nella preistoria&#8221;, lavoro di Roberto Lattini, modellista e ricercatore. \u201cArcheologia, storia e etnologia navale\u201d \u00e8 organizzato dal Comitato Direttivo di ISTIAEN, con la collaborazione del Comune di Cesenatico e di Gesturist Cesenatico S.p.A.<\/p>\n","protected":false},"excerpt":{"rendered":"<p>Venerd&igrave; 13 e sabato 14 aprile prossimi a Cesenatico si terr&agrave; un importante Convegno nazionale. Si tratta di &ldquo;Archeologia, storia e etnologia navale&rdquo;, appuntamento ormai giunto alla seconda edizione e che ha gi&agrave; mostrato la sua rilevanza per aver ospitato importanti studiosi e ricercatori. Come per la passata edizione, i lavori si terranno al Museo &#8230;<a class=\"post-readmore\" href=\"https:\/\/www.minicity.it\/blog\/2012\/04\/a-cesenatico-un-convegno-di-archeologia-storia-e-etnologia-navale\/\">read more<\/a><\/p>\n","protected":false},"author":5,"featured_media":0,"comment_status":"open","ping_status":"open","sticky":false,"template":"","format":"standard","meta":{"footnotes":""},"categories":[3],"tags":[38],"class_list":["post-3430","post","type-post","status-publish","format-standard","hentry","category-turismo","tag-cesenatico"],"aioseo_notices":[],"_links":{"self":[{"href":"https:\/\/www.minicity.it\/blog\/wp-json\/wp\/v2\/posts\/3430","targetHints":{"allow":["GET"]}}],"collection":[{"href":"https:\/\/www.minicity.it\/blog\/wp-json\/wp\/v2\/posts"}],"about":[{"href":"https:\/\/www.minicity.it\/blog\/wp-json\/wp\/v2\/types\/post"}],"author":[{"embeddable":true,"href":"https:\/\/www.minicity.it\/blog\/wp-json\/wp\/v2\/users\/5"}],"replies":[{"embeddable":true,"href":"https:\/\/www.minicity.it\/blog\/wp-json\/wp\/v2\/comments?post=3430"}],"version-history":[{"count":0,"href":"https:\/\/www.minicity.it\/blog\/wp-json\/wp\/v2\/posts\/3430\/revisions"}],"wp:attachment":[{"href":"https:\/\/www.minicity.it\/blog\/wp-json\/wp\/v2\/media?parent=3430"}],"wp:term":[{"taxonomy":"category","embeddable":true,"href":"https:\/\/www.minicity.it\/blog\/wp-json\/wp\/v2\/categories?post=3430"},{"taxonomy":"post_tag","embeddable":true,"href":"https:\/\/www.minicity.it\/blog\/wp-json\/wp\/v2\/tags?post=3430"}],"curies":[{"name":"wp","href":"https:\/\/api.w.org\/{rel}","templated":true}]}}