{"id":3450,"date":"2012-04-04T14:44:48","date_gmt":"2012-04-04T14:44:48","guid":{"rendered":"https:\/\/www.minicity.it\/blog\/?p=3450"},"modified":"2012-04-04T14:44:48","modified_gmt":"2012-04-04T14:44:48","slug":"a-riccione-si-discute-del-futuro-del-turismo-in-romagna","status":"publish","type":"post","link":"https:\/\/www.minicity.it\/blog\/2012\/04\/a-riccione-si-discute-del-futuro-del-turismo-in-romagna\/","title":{"rendered":"A Riccione si discute del futuro del turismo in Romagna"},"content":{"rendered":"<p><a href=\"https:\/\/www.minicity.it\/blog\/wp-content\/uploads\/2012\/04\/riccioneturismo.jpg\"><img loading=\"lazy\" decoding=\"async\" class=\"alignleft size-full wp-image-3451\" title=\"riccioneturismo\" src=\"https:\/\/www.minicity.it\/blog\/wp-content\/uploads\/2012\/04\/riccioneturismo.jpg\" alt=\"\" width=\"200\" height=\"133\" \/><\/a>A Riccione arriva un evento che punta sulla riflessione sul turismo. Si tratta di <strong>&#8220;Riccione 3T Think Tank Turismo&#8221;<\/strong>, la rassegna sul turismo futuristico, che si articoler\u00e0 su cinque giorni, con work shop, conferenze e incontri.<\/p>\n<p>&#8220;Riccione 3T Think Tank Turismo&#8221; \u00e8 un&#8217;iniziativa del Centro Dipartimentale di Ricerca Sealine dell&#8217;Universit\u00e0 degli Studi di Ferrara e <!--more-->SIS Servizi SPA e si terr\u00e0 <strong>dal 16 al 21 aprile a Villa Mussolini<\/strong>. Saranno presenti ospiti internazionali, gli studenti di Architettura dell&#8217;Universit\u00e0 di Ferrara e diversi visiting critics. Il mese successivo, a maggio, l&#8217;11 e il 12, si terranno invece delle tavole rotonde dedicate in maniera pi\u00f9 specifica agli operatori del settore, dove si parler\u00e0 di format turistici e di promozione. Lo scopo? Disegnare il Turismo del futuro in Romagna.<\/p>\n<p>Uno dei punti centrali di discussione a &#8220;Riccione 3T Think Tank Turismo&#8221; sar\u00e0 l&#8217;urbanistica della costa Adriatica: i partecipanti saranno chiamati ad immaginare, in maniera pratica, modifiche della situazione attuale in un&#8217;ottica di protezione dell&#8217;ambiente che, allo stesso tempo, sviluppi e incentivi il turismo.<\/p>\n<p>Tra i partecipanti ricordiamo nomi del calibro di Manuel Orazi, redattore di architettura per Quodlibet, Elisa Poli, critica e storica dell&#8217;architettura, Beppe Severgnini, giornalista, Universit\u00e0 di Ferrara, Valentina Ciuffi di \u201cAbitare\u201d e Pier Pierucci, responsabile marketing e creativit\u00e0 di Aquafan. Tra gli ospiti internazionali ci sar\u00e0 il catalano Eduard Bru Bistuer, del Polit\u00e8c. de Barcelona, C\u00e0tedra Mies van der Rohe e lo psicologo Paco Jarauta. Sar\u00e0 presente, in qualit\u00e0 istituzionale e come moderatore anche Maurizio Melucci, assessore al turismo della Regione Emilia Romagna.<\/p>\n","protected":false},"excerpt":{"rendered":"<p>A Riccione arriva un evento che punta sulla riflessione sul turismo. Si tratta di &ldquo;Riccione 3T Think Tank Turismo&rdquo;, la rassegna sul turismo futuristico, che si articoler&agrave; su cinque giorni, con work shop, conferenze e incontri. &ldquo;Riccione 3T Think Tank Turismo&rdquo; &egrave; un&rsquo;iniziativa del Centro Dipartimentale di Ricerca Sealine dell&rsquo;Universit&agrave; degli Studi di Ferrara e<\/p>\n","protected":false},"author":6,"featured_media":0,"comment_status":"open","ping_status":"open","sticky":false,"template":"","format":"standard","meta":{"footnotes":""},"categories":[3],"tags":[34],"class_list":["post-3450","post","type-post","status-publish","format-standard","hentry","category-turismo","tag-riccione"],"aioseo_notices":[],"_links":{"self":[{"href":"https:\/\/www.minicity.it\/blog\/wp-json\/wp\/v2\/posts\/3450","targetHints":{"allow":["GET"]}}],"collection":[{"href":"https:\/\/www.minicity.it\/blog\/wp-json\/wp\/v2\/posts"}],"about":[{"href":"https:\/\/www.minicity.it\/blog\/wp-json\/wp\/v2\/types\/post"}],"author":[{"embeddable":true,"href":"https:\/\/www.minicity.it\/blog\/wp-json\/wp\/v2\/users\/6"}],"replies":[{"embeddable":true,"href":"https:\/\/www.minicity.it\/blog\/wp-json\/wp\/v2\/comments?post=3450"}],"version-history":[{"count":0,"href":"https:\/\/www.minicity.it\/blog\/wp-json\/wp\/v2\/posts\/3450\/revisions"}],"wp:attachment":[{"href":"https:\/\/www.minicity.it\/blog\/wp-json\/wp\/v2\/media?parent=3450"}],"wp:term":[{"taxonomy":"category","embeddable":true,"href":"https:\/\/www.minicity.it\/blog\/wp-json\/wp\/v2\/categories?post=3450"},{"taxonomy":"post_tag","embeddable":true,"href":"https:\/\/www.minicity.it\/blog\/wp-json\/wp\/v2\/tags?post=3450"}],"curies":[{"name":"wp","href":"https:\/\/api.w.org\/{rel}","templated":true}]}}