{"id":3463,"date":"2012-04-11T11:09:53","date_gmt":"2012-04-11T11:09:53","guid":{"rendered":"https:\/\/www.minicity.it\/blog\/?p=3463"},"modified":"2012-04-11T11:09:53","modified_gmt":"2012-04-11T11:09:53","slug":"pesca-in-romagna-si-e-formato-il-gruppo-di-azione-costiera","status":"publish","type":"post","link":"https:\/\/www.minicity.it\/blog\/2012\/04\/pesca-in-romagna-si-e-formato-il-gruppo-di-azione-costiera\/","title":{"rendered":"Pesca in Romagna: si \u00e8 formato il Gruppo di Azione Costiera"},"content":{"rendered":"<p><strong><a href=\"https:\/\/www.minicity.it\/blog\/wp-content\/uploads\/2012\/04\/pescaromagna.jpg\"><img loading=\"lazy\" decoding=\"async\" class=\"alignleft size-full wp-image-3464\" title=\"pescaromagna\" src=\"https:\/\/www.minicity.it\/blog\/wp-content\/uploads\/2012\/04\/pescaromagna.jpg\" alt=\"\" width=\"200\" height=\"150\" \/><\/a>Lo scorso 5 aprile<\/strong> \u00e8 stato costituito il<strong> Gruppo di Azione Costiera (Gac)<\/strong> Marinerie della Romagna alla cui testa \u00e8 stato eletto il presidente della Provincia di Rimini. Questo soggetto \u00e8 necessario perch\u00e9 i pescatori di Romagna possano accedere ai finanziamenti del Fep (Fondo europeo pesca) che andr\u00e0 a sostenere lo sviluppo sostenibile delle zone di pesca.<\/p>\n<p><strong>Il bando prevede<\/strong>, infatti, la possibilit\u00e0 di <!--more-->ottenere fino a 550 mila euro (in co-partecipazione italiana e europea) a sostegno di progetti che riguardano la pesca, pensati sia a breve che a lungo periodo. La formazione del Gruppo di Azione Costiera ha richiesto un grande sforzo ma la sua formazione permetter\u00e0 un coordinamento pi\u00f9 approfondito e azioni pi\u00f9 mirate per risollevare le sorti di questo settore che soffre in maniera particolare la crisi economica.<\/p>\n<p><strong>Il Gac<\/strong> \u00e8 cos\u00ec un gruppo provinciale che coinvolge tutti i soggetti che si trovano sulla costa romagnola, da Cesenatico fino a Cattolica. \u00c8 formato da 32 soggetti totali, tra cui la provincia di Rimini, quella di Forl\u00ec-Cesena, il comune di Cesenatico, quello di Bellaria-Igea Marina, di Rimini, Riccione, Cattolica e Misano Adriatico. Sono presenti inoltre le Camere di Commercio di Rimini e Forl\u00ec-Cesena, il Centro Ricerche Marine di Cesenatico, l&#8217;Associazione Produttori della Pesca di Cattolica, il Consorzio Mitilicoltori dell\u2019Emilia-Romagna, gli Operatori della Pesca di Cesenatico, la Casa del Pescatore di Cesenatico, la Marinara di Bellaria-Igea Marina, i Lavoratori della Piccola Pesca di Riccione, i lavoratori del Mare di Rimini, la Piccola Pesca di Gabicce Mare, Federcoopesca, la Lega Pesca, il Consorzio Linea Azzurra, Coldiretti Emilia Romagna, i Consorzi della Strada dei Vini e dei Sapori dei Colli di Rimini e di Forl\u00ec-Cesena e la Confcommercio Rimini.<\/p>\n","protected":false},"excerpt":{"rendered":"<p>Lo scorso 5 aprile &egrave; stato costituito il Gruppo di Azione Costiera (Gac) Marinerie della Romagna alla cui testa &egrave; stato eletto il presidente della Provincia di Rimini. Questo soggetto &egrave; necessario perch&eacute; i pescatori di Romagna possano accedere ai finanziamenti del Fep (Fondo europeo pesca) che andr&agrave; a sostenere lo sviluppo sostenibile delle zone &#8230;<a class=\"post-readmore\" href=\"https:\/\/www.minicity.it\/blog\/2012\/04\/pesca-in-romagna-si-e-formato-il-gruppo-di-azione-costiera\/\">read more<\/a><\/p>\n","protected":false},"author":5,"featured_media":0,"comment_status":"open","ping_status":"open","sticky":false,"template":"","format":"standard","meta":{"footnotes":""},"categories":[3],"tags":[33],"class_list":["post-3463","post","type-post","status-publish","format-standard","hentry","category-turismo","tag-eventi-riviera"],"aioseo_notices":[],"_links":{"self":[{"href":"https:\/\/www.minicity.it\/blog\/wp-json\/wp\/v2\/posts\/3463","targetHints":{"allow":["GET"]}}],"collection":[{"href":"https:\/\/www.minicity.it\/blog\/wp-json\/wp\/v2\/posts"}],"about":[{"href":"https:\/\/www.minicity.it\/blog\/wp-json\/wp\/v2\/types\/post"}],"author":[{"embeddable":true,"href":"https:\/\/www.minicity.it\/blog\/wp-json\/wp\/v2\/users\/5"}],"replies":[{"embeddable":true,"href":"https:\/\/www.minicity.it\/blog\/wp-json\/wp\/v2\/comments?post=3463"}],"version-history":[{"count":0,"href":"https:\/\/www.minicity.it\/blog\/wp-json\/wp\/v2\/posts\/3463\/revisions"}],"wp:attachment":[{"href":"https:\/\/www.minicity.it\/blog\/wp-json\/wp\/v2\/media?parent=3463"}],"wp:term":[{"taxonomy":"category","embeddable":true,"href":"https:\/\/www.minicity.it\/blog\/wp-json\/wp\/v2\/categories?post=3463"},{"taxonomy":"post_tag","embeddable":true,"href":"https:\/\/www.minicity.it\/blog\/wp-json\/wp\/v2\/tags?post=3463"}],"curies":[{"name":"wp","href":"https:\/\/api.w.org\/{rel}","templated":true}]}}