{"id":3478,"date":"2012-04-16T14:43:54","date_gmt":"2012-04-16T14:43:54","guid":{"rendered":"https:\/\/www.minicity.it\/blog\/?p=3478"},"modified":"2012-04-16T14:43:54","modified_gmt":"2012-04-16T14:43:54","slug":"riccione-inaugura-la-statua-a-giovanni-paolo-ii","status":"publish","type":"post","link":"https:\/\/www.minicity.it\/blog\/2012\/04\/riccione-inaugura-la-statua-a-giovanni-paolo-ii\/","title":{"rendered":"Riccione inaugura la statua a Giovanni Paolo II"},"content":{"rendered":"<p><strong><a href=\"https:\/\/www.minicity.it\/blog\/wp-content\/uploads\/2012\/04\/statuaGiovanniPaoloIIrimini.jpg\"><img loading=\"lazy\" decoding=\"async\" class=\"alignleft size-full wp-image-3479\" title=\"statuaGiovanniPaoloIIrimini\" src=\"https:\/\/www.minicity.it\/blog\/wp-content\/uploads\/2012\/04\/statuaGiovanniPaoloIIrimini.jpg\" alt=\"\" width=\"200\" height=\"200\" \/><\/a>Il prossimo primo maggio<\/strong> verr\u00e0 inaugurata a <strong>Riccione<\/strong> la nuova statua dedicata a <strong>Giovanni Paolo II<\/strong>. Si tratta di un&#8217;<strong>opera in bronzo<\/strong> che raffigura il pontefice che ha preceduto Benedetto XVI, nel primo anniversario della sua beatificazione. La statua dedicata a Papa Wojtyla (questo il nome dell&#8217;ex Pontefice al secolo) verr\u00e0 posto su viale delle Magnolie, direzione mare, in modo da essere ben visibile. La scultura \u00e8 opera <!--more-->dell&#8217;artista Elena Ortica, milanese e specializzata nella realizzazione di sculture su tematiche religiose.<\/p>\n<p>Ricordiamo che Papa Wojtyla, scomparso nel 2005, \u00e8 stato il 264\u00b0 Pontefice della Chiesa Cattolica. Di origini polacche, era Papa dal 1978. il 1\u00b0 maggio 2011 \u00e8 stato beatificato da Benedetto XVI, il suo successore in Vaticano. \u00c8 noto per il suo impegno nella lotta la Comunismo, soprattutto nei Paesi dell&#8217;Est Europa. Giovanni Paolo II ha fatto molto parlare di s\u00e9 per il suo impegno nel mondo: ha effettuato oltre 100 viaggi nel suo pontificato e ha incontrato migliaia e migliaia di persone. Tra le altre cose ha anche creato le Giornate Mondiali della Giovent\u00f9 come simbolo della volont\u00e0 della Chiesa di costruire un dialogo con le nuove generazioni. Allo stesso tempo \u00e8 stato un convinto sostenitore della politica cattolica tradizionale sui temi classici, come sessualit\u00e0, aborto, eutanasia e celibato dei preti.<\/p>\n<p><strong>La cerimonia di inaugurazion<\/strong>e della statua si terr\u00e0 il primo maggio a partire dalle ore 18:00. Partiranno i cori cittadini e altri spettacoli e una mostra mercato delle opere di Elena Ortica. Alle 19:00 le autorit\u00e0 di Riccione e quelle religiose si ritroveranno per la cerimonia ufficiale. Durante la giornata verr\u00e0 anche aperta una raccolta fondi alla quale chiunque potr\u00e0 contribuire.<\/p>\n","protected":false},"excerpt":{"rendered":"<p>Il prossimo primo maggio verr&agrave; inaugurata a Riccione la nuova statua dedicata a Giovanni Paolo II. Si tratta di un&rsquo;opera in bronzo che raffigura il pontefice che ha preceduto Benedetto XVI, nel primo anniversario della sua beatificazione. La statua dedicata a Papa Wojtyla (questo il nome dell&rsquo;ex Pontefice al secolo) verr&agrave; posto su viale delle &#8230;<a class=\"post-readmore\" href=\"https:\/\/www.minicity.it\/blog\/2012\/04\/riccione-inaugura-la-statua-a-giovanni-paolo-ii\/\">read more<\/a><\/p>\n","protected":false},"author":5,"featured_media":0,"comment_status":"open","ping_status":"open","sticky":false,"template":"","format":"standard","meta":{"footnotes":""},"categories":[3],"tags":[34],"class_list":["post-3478","post","type-post","status-publish","format-standard","hentry","category-turismo","tag-riccione"],"aioseo_notices":[],"_links":{"self":[{"href":"https:\/\/www.minicity.it\/blog\/wp-json\/wp\/v2\/posts\/3478","targetHints":{"allow":["GET"]}}],"collection":[{"href":"https:\/\/www.minicity.it\/blog\/wp-json\/wp\/v2\/posts"}],"about":[{"href":"https:\/\/www.minicity.it\/blog\/wp-json\/wp\/v2\/types\/post"}],"author":[{"embeddable":true,"href":"https:\/\/www.minicity.it\/blog\/wp-json\/wp\/v2\/users\/5"}],"replies":[{"embeddable":true,"href":"https:\/\/www.minicity.it\/blog\/wp-json\/wp\/v2\/comments?post=3478"}],"version-history":[{"count":0,"href":"https:\/\/www.minicity.it\/blog\/wp-json\/wp\/v2\/posts\/3478\/revisions"}],"wp:attachment":[{"href":"https:\/\/www.minicity.it\/blog\/wp-json\/wp\/v2\/media?parent=3478"}],"wp:term":[{"taxonomy":"category","embeddable":true,"href":"https:\/\/www.minicity.it\/blog\/wp-json\/wp\/v2\/categories?post=3478"},{"taxonomy":"post_tag","embeddable":true,"href":"https:\/\/www.minicity.it\/blog\/wp-json\/wp\/v2\/tags?post=3478"}],"curies":[{"name":"wp","href":"https:\/\/api.w.org\/{rel}","templated":true}]}}