{"id":3483,"date":"2012-04-17T09:45:40","date_gmt":"2012-04-17T09:45:40","guid":{"rendered":"https:\/\/www.minicity.it\/blog\/?p=3483"},"modified":"2012-04-17T09:45:58","modified_gmt":"2012-04-17T09:45:58","slug":"bologna-il-festival-del-turismo-responsabile","status":"publish","type":"post","link":"https:\/\/www.minicity.it\/blog\/2012\/04\/bologna-il-festival-del-turismo-responsabile\/","title":{"rendered":"Bologna: il festival del turismo responsabile"},"content":{"rendered":"<p><strong><a href=\"https:\/\/www.minicity.it\/blog\/wp-content\/uploads\/2012\/04\/turismoresponsabilebologna.jpg\"><img loading=\"lazy\" decoding=\"async\" class=\"alignleft size-full wp-image-3486\" title=\"turismoresponsabilebologna\" src=\"https:\/\/www.minicity.it\/blog\/wp-content\/uploads\/2012\/04\/turismoresponsabilebologna.jpg\" alt=\"\" width=\"200\" height=\"119\" \/><\/a>Dal 27 maggio al 3 giugno 2012 a Bologn<\/strong>a, in luoghi sparsi nella citt\u00e0, si terr\u00e0 il Festival del<strong> Turismo Responsabile<\/strong>, evento ormai giunto alla quarta edizione. <strong>\u201cIT.A.CA\u2019 migranti e viaggiatori: Festival del Turismo Responsabile\u201d<\/strong> \u00e8 una iniziativa promossa da diverse associazioni, tra cui YODA, COSPE, CESTAS e NEXUS Emilia Romagna, e gode del patrocinio di AITR (Associazione Italiana Turismo Responsabile), e del sostegno del<!--more--> Comune di Bologna, della Provincia di Bologna e della Regione Emilia Romagna.<\/p>\n<p><strong>Lo scopo<\/strong> \u00e8 quello di dare al turismo un volto umano, che permetta, insieme allo sviluppo economico, anche uno sviluppo sociale ed etico delle societ\u00e0 e delle regioni coinvolte. La riflessione su un altro turismo possibile \u00e8 nata negli anni Settanta quando si \u00e8 pensato di coinvolgere gli operatori del settore in un progetto che preveda lo sviluppo di attivit\u00e0 che, oltre ad attirare turisti, sostengano la crescita etica e morale delle societ\u00e0 coinvolte.<\/p>\n<p>Inoltre, il turismo responsabile \u00e8 una delle soluzioni che le Nazioni Unite stanno portando avanti, in maniera particolare con l\u2019agenzia ad esso dedicata, l&#8217;Unwto (Organizzazione Mondiale del Turismo). \u201cIT.A.CA\u2019 migranti e viaggiatori: Festival del Turismo Responsabile\u201d vuole essere un momento di riflessione e anche di propulsione, per rendere palesi ed evidenti altre soluzioni al turismo. Il festival \u00e8 rivolto a tutti: dagli operatori, alle agenzie, passando per le Ong, arrivando alle istituzioni e ai viaggiatori.<\/p>\n<p><strong>L\u2019edizione del 2012<\/strong> si concentrer\u00e0, inoltre, sulle problematiche legate all\u2019ambiente e alla sostenibilit\u00e0 spingendo su alcuni filoni, tra cui il turismo scolastico, quello collaborativo (volontariato, lotta al turismo sessuale\u2026), il marketing territoriale, le migrazioni e il turismo \u201cfatto in casa\u201d (ostelli, couchsurfing, ecc\u2026).<\/p>\n<p>Insomma, una bella iniziativa che mette l\u2019Emilia Romagna al centro del dibattito. Per maggiori informazioni visitare il sito Internet <a href=\"http:\/\/www.festivalitaca.net\" target=\"_blank\">www.festivalitaca.net<\/a>.<\/p>\n","protected":false},"excerpt":{"rendered":"<p>Dal 27 maggio al 3 giugno 2012 a Bologna, in luoghi sparsi nella citt&agrave;, si terr&agrave; il Festival del Turismo Responsabile, evento ormai giunto alla quarta edizione. &ldquo;IT.A.CA&rsquo; migranti e viaggiatori: Festival del Turismo Responsabile&rdquo; &egrave; una iniziativa promossa da diverse associazioni, tra cui YODA, COSPE, CESTAS e NEXUS Emilia Romagna, e gode del patrocinio &#8230;<a class=\"post-readmore\" href=\"https:\/\/www.minicity.it\/blog\/2012\/04\/bologna-il-festival-del-turismo-responsabile\/\">read more<\/a><\/p>\n","protected":false},"author":5,"featured_media":0,"comment_status":"open","ping_status":"open","sticky":false,"template":"","format":"standard","meta":{"footnotes":""},"categories":[3],"tags":[33,5],"class_list":["post-3483","post","type-post","status-publish","format-standard","hentry","category-turismo","tag-eventi-riviera","tag-notizie"],"aioseo_notices":[],"_links":{"self":[{"href":"https:\/\/www.minicity.it\/blog\/wp-json\/wp\/v2\/posts\/3483","targetHints":{"allow":["GET"]}}],"collection":[{"href":"https:\/\/www.minicity.it\/blog\/wp-json\/wp\/v2\/posts"}],"about":[{"href":"https:\/\/www.minicity.it\/blog\/wp-json\/wp\/v2\/types\/post"}],"author":[{"embeddable":true,"href":"https:\/\/www.minicity.it\/blog\/wp-json\/wp\/v2\/users\/5"}],"replies":[{"embeddable":true,"href":"https:\/\/www.minicity.it\/blog\/wp-json\/wp\/v2\/comments?post=3483"}],"version-history":[{"count":0,"href":"https:\/\/www.minicity.it\/blog\/wp-json\/wp\/v2\/posts\/3483\/revisions"}],"wp:attachment":[{"href":"https:\/\/www.minicity.it\/blog\/wp-json\/wp\/v2\/media?parent=3483"}],"wp:term":[{"taxonomy":"category","embeddable":true,"href":"https:\/\/www.minicity.it\/blog\/wp-json\/wp\/v2\/categories?post=3483"},{"taxonomy":"post_tag","embeddable":true,"href":"https:\/\/www.minicity.it\/blog\/wp-json\/wp\/v2\/tags?post=3483"}],"curies":[{"name":"wp","href":"https:\/\/api.w.org\/{rel}","templated":true}]}}