{"id":350,"date":"2011-02-24T10:53:55","date_gmt":"2011-02-24T10:53:55","guid":{"rendered":"https:\/\/www.minicity.it\/blog\/?p=350"},"modified":"2011-02-24T10:53:55","modified_gmt":"2011-02-24T10:53:55","slug":"targablu-per-la-citta-di-cervia","status":"publish","type":"post","link":"https:\/\/www.minicity.it\/blog\/2011\/02\/targablu-per-la-citta-di-cervia\/","title":{"rendered":"TargaBlu per la citt\u00e0 di Cervia"},"content":{"rendered":"<p><a href=\"https:\/\/www.minicity.it\/blog\/wp-content\/uploads\/2011\/02\/targablucervia.jpg\" target=\"_blank\"><img loading=\"lazy\" decoding=\"async\" class=\"alignleft size-full wp-image-351\" style=\"margin: 5px 8px;\" title=\"targablucervia\" src=\"https:\/\/www.minicity.it\/blog\/wp-content\/uploads\/2011\/02\/targablucervia.jpg\" alt=\"\" width=\"120\" height=\"116\" \/><\/a>Ieri mattina a Roma \u00e8 arrivata la targablu per la citt\u00e0 di Cervia per il 2010<\/p>\n<p><strong>CERVIA. <\/strong>La TargaBlu \u00e8 un riconoscimento internazionale per la sicurezza e la viabilit\u00e0 sulle strade, e la citt\u00e0 del sale ha ottenuto uno dei risultati pi\u00f9 alti dimostrando di meritarsi questo premio.<\/p>\n<p>L&#8217;iniziativa \u00e8 promossa dal Centro studi indipendente sulla sicurezza stradale che vuole premiare gli enti che si danno da fare per garantire una maggiore sicurezza sulle strade\u00a0 e che contribuiscono allo sviluppo e il miglioramento della mobilit\u00e0.<\/p>\n<p>L&#8217;obiettivo \u00e8 quello di diminuire le vittime delle strade, dove il comune di Cervia si \u00e8 data molto da fare con corsi di educazione stradale nelle scuole, iniziative rivolte ai genitori e manifestazioni che hanno coinvolto i cittadini&#8230;<\/p>\n","protected":false},"excerpt":{"rendered":"<p>Ieri mattina a Roma &egrave; arrivata la targablu per la citt&agrave; di Cervia per il 2010 CERVIA. La TargaBlu &egrave; un riconoscimento internazionale per la sicurezza e la viabilit&agrave; sulle strade, e la citt&agrave; del sale ha ottenuto uno dei risultati pi&ugrave; alti dimostrando di meritarsi questo premio. L&rsquo;iniziativa &egrave; promossa dal Centro studi indipendente &#8230;<a class=\"post-readmore\" href=\"https:\/\/www.minicity.it\/blog\/2011\/02\/targablu-per-la-citta-di-cervia\/\">read more<\/a><\/p>\n","protected":false},"author":1,"featured_media":0,"comment_status":"open","ping_status":"open","sticky":false,"template":"","format":"standard","meta":{"footnotes":""},"categories":[3],"tags":[20,5],"class_list":["post-350","post","type-post","status-publish","format-standard","hentry","category-turismo","tag-cervia","tag-notizie"],"aioseo_notices":[],"_links":{"self":[{"href":"https:\/\/www.minicity.it\/blog\/wp-json\/wp\/v2\/posts\/350","targetHints":{"allow":["GET"]}}],"collection":[{"href":"https:\/\/www.minicity.it\/blog\/wp-json\/wp\/v2\/posts"}],"about":[{"href":"https:\/\/www.minicity.it\/blog\/wp-json\/wp\/v2\/types\/post"}],"author":[{"embeddable":true,"href":"https:\/\/www.minicity.it\/blog\/wp-json\/wp\/v2\/users\/1"}],"replies":[{"embeddable":true,"href":"https:\/\/www.minicity.it\/blog\/wp-json\/wp\/v2\/comments?post=350"}],"version-history":[{"count":0,"href":"https:\/\/www.minicity.it\/blog\/wp-json\/wp\/v2\/posts\/350\/revisions"}],"wp:attachment":[{"href":"https:\/\/www.minicity.it\/blog\/wp-json\/wp\/v2\/media?parent=350"}],"wp:term":[{"taxonomy":"category","embeddable":true,"href":"https:\/\/www.minicity.it\/blog\/wp-json\/wp\/v2\/categories?post=350"},{"taxonomy":"post_tag","embeddable":true,"href":"https:\/\/www.minicity.it\/blog\/wp-json\/wp\/v2\/tags?post=350"}],"curies":[{"name":"wp","href":"https:\/\/api.w.org\/{rel}","templated":true}]}}