{"id":3514,"date":"2012-04-24T12:22:44","date_gmt":"2012-04-24T12:22:44","guid":{"rendered":"https:\/\/www.minicity.it\/blog\/?p=3514"},"modified":"2012-04-24T12:22:44","modified_gmt":"2012-04-24T12:22:44","slug":"stagione-turistica-2012-meno-italiani-in-vacanza","status":"publish","type":"post","link":"https:\/\/www.minicity.it\/blog\/2012\/04\/stagione-turistica-2012-meno-italiani-in-vacanza\/","title":{"rendered":"Stagione turistica 2012: meno italiani in vacanza"},"content":{"rendered":"<p><strong><a href=\"https:\/\/www.minicity.it\/blog\/wp-content\/uploads\/2012\/04\/previsioniturismo2012.jpg\"><img loading=\"lazy\" decoding=\"async\" class=\"alignleft size-full wp-image-3516\" title=\"previsioniturismo2012\" src=\"https:\/\/www.minicity.it\/blog\/wp-content\/uploads\/2012\/04\/previsioniturismo2012.jpg\" alt=\"\" width=\"200\" height=\"136\" \/><\/a>Continuano le previsioni<\/strong> per un nefasto 2012 per quanto riguarda il turismo. Stando all&#8217;ultimo sondaggio \u2013 il ventunesimo \u2013 realizzato da Trademark Italia e Ipsos Observer, infatti, gli italiani quest&#8217;anno andranno s\u00ec in vacanza, ma meno rispetto al passato.<\/p>\n<p><strong>La crisi inizia a farsi sentire veramente?<\/strong> I dati dicono infatti che ad oggi sono poche le<!--more--> persone che hanno deciso quando e dove andare in vacanza. E chi lo ha deciso resta fedele alle mete dello scorso anno. Pi\u00f9 precisamente secondo le cifre di Trademark Italia e Ipsos Observer sono 36 milioni gli italiani che si concederanno un soggiorno fuori casa: questi dati dicono che si tratta di una media tra il 7 e il 10% in meno rispetto allo scorso anno. Chi parte far\u00e0 vacanze pi\u00f9 corte e pi\u00f9 vicino a casa, specialmente nei mesi di luglio e agosto. Si tratta di cifre che influenzeranno parecchio l&#8217;economia del Bel Paese: di solito, infatti, le vacanze estive degli italiani generano un giro di affari che si aggira intorno ai 20 miliardi di euro.<\/p>\n<p><strong>Queste previsioni<\/strong> arrivano a pochi giorni da un&#8217;allarme lanciato da Federalberghi: Bernab\u00f2 Bocca, il presidente dell&#8217;Associazione, ha detto che quest&#8217;anno il giro di affari del settore turistico si abbasser\u00e0 di un punto percentuale, passando dal 10% al 9% del Pil itlaiano. Questi significa che ben 50 mila persone impiegate in questa industria rischiano di perdere il lavoro. Oggi gli impiegati totali del settore turistico sono due milioni.<\/p>\n<p><strong>Che fare?<\/strong> Federalberghi chiede al Governo di intervenire, aprendo un tavolo di discussione con gli addetti al settore per trovare soluzioni che rilancino il turismo in Italia.<\/p>\n","protected":false},"excerpt":{"rendered":"<p>Continuano le previsioni per un nefasto 2012 per quanto riguarda il turismo. Stando all&rsquo;ultimo sondaggio &ndash; il ventunesimo &ndash; realizzato da Trademark Italia e Ipsos Observer, infatti, gli italiani quest&rsquo;anno andranno s&igrave; in vacanza, ma meno rispetto al passato. La crisi inizia a farsi sentire veramente? I dati dicono infatti che ad oggi sono poche &#8230;<a class=\"post-readmore\" href=\"https:\/\/www.minicity.it\/blog\/2012\/04\/stagione-turistica-2012-meno-italiani-in-vacanza\/\">read more<\/a><\/p>\n","protected":false},"author":5,"featured_media":0,"comment_status":"open","ping_status":"open","sticky":false,"template":"","format":"standard","meta":{"footnotes":""},"categories":[3],"tags":[5],"class_list":["post-3514","post","type-post","status-publish","format-standard","hentry","category-turismo","tag-notizie"],"aioseo_notices":[],"_links":{"self":[{"href":"https:\/\/www.minicity.it\/blog\/wp-json\/wp\/v2\/posts\/3514","targetHints":{"allow":["GET"]}}],"collection":[{"href":"https:\/\/www.minicity.it\/blog\/wp-json\/wp\/v2\/posts"}],"about":[{"href":"https:\/\/www.minicity.it\/blog\/wp-json\/wp\/v2\/types\/post"}],"author":[{"embeddable":true,"href":"https:\/\/www.minicity.it\/blog\/wp-json\/wp\/v2\/users\/5"}],"replies":[{"embeddable":true,"href":"https:\/\/www.minicity.it\/blog\/wp-json\/wp\/v2\/comments?post=3514"}],"version-history":[{"count":0,"href":"https:\/\/www.minicity.it\/blog\/wp-json\/wp\/v2\/posts\/3514\/revisions"}],"wp:attachment":[{"href":"https:\/\/www.minicity.it\/blog\/wp-json\/wp\/v2\/media?parent=3514"}],"wp:term":[{"taxonomy":"category","embeddable":true,"href":"https:\/\/www.minicity.it\/blog\/wp-json\/wp\/v2\/categories?post=3514"},{"taxonomy":"post_tag","embeddable":true,"href":"https:\/\/www.minicity.it\/blog\/wp-json\/wp\/v2\/tags?post=3514"}],"curies":[{"name":"wp","href":"https:\/\/api.w.org\/{rel}","templated":true}]}}