{"id":3535,"date":"2012-05-02T12:31:28","date_gmt":"2012-05-02T12:31:28","guid":{"rendered":"https:\/\/www.minicity.it\/blog\/?p=3535"},"modified":"2012-05-02T12:31:28","modified_gmt":"2012-05-02T12:31:28","slug":"la-regione-attacca-il-turismo-in-riviera-romagnola","status":"publish","type":"post","link":"https:\/\/www.minicity.it\/blog\/2012\/05\/la-regione-attacca-il-turismo-in-riviera-romagnola\/","title":{"rendered":"La Regione attacca il turismo in Riviera Romagnola"},"content":{"rendered":"<p><a href=\"https:\/\/www.minicity.it\/blog\/wp-content\/uploads\/2012\/05\/rivieraromagnola.jpg\"><img loading=\"lazy\" decoding=\"async\" class=\"alignleft size-full wp-image-3537\" title=\"rivieraromagnola\" src=\"https:\/\/www.minicity.it\/blog\/wp-content\/uploads\/2012\/05\/rivieraromagnola.jpg\" alt=\"\" width=\"200\" height=\"105\" \/><\/a>La settimana scorsa \u00e8 uscito il rapporto della <strong>Regione Emilia Romagna<\/strong> sulla linee guida per la <strong>promozione turistica 2013<\/strong>. All&#8217;interno si trovano cinque righe che riguardano la Riviera Romagnola che sono destinate a far molto parlare di s\u00e9 perch\u00e9<!--more--> molto critiche. Si legge nel rapporto:<\/p>\n<blockquote><p>\u00abL&#8217;offerta balneare della Riviera, soprattutto nella zona sud, soffre di un ambiente urbanistico che si sta allontanando dall\u2019immagine di un luogo di vacanza sostenibile, rilassante rigeneratrice\u00bb.<\/p><\/blockquote>\n<p>Insomma, tra Rimini, Riccione e Bellaria la cosa non \u00e8 certo stata presa bene. A rispondere per primo \u00e8 stato il presidente della Provincia di Rimini, Stefano Vitali, che ha detto che la Riviera \u00e8 ben conscia dei suoi problemi storici, ma che negli ultimi 15 anni sono stati risolti tanti problemi. Ad esempio molte zone del Lungomare sono state riqualificate, come Riccione, Misano Adriatico e Rimini. Per Vitali \u00e8 anche un problema della Regione: bisogna investire a livello nazionale e regionale per riqualificare anche le strutture ricettive, in modo che possano essere all&#8217;altezza di una offerta diversa.<\/p>\n<p><strong>La risposta dalla Regione \u00e8 molto cauta<\/strong>. Maurizio Mellucci, assessore al Turismo, ci tiene a precisare che la Regione Emilia Romagna non ha lanciato nessun allarme. Le linee guida per la promozione turistica 2013 sono un documento di lavoro programmatico: qui dunque viene annotato tutto, anche le questioni problematiche e le cose da migliorare. E infatti da via Aldo Moro se la prendono anche con l&#8217;Appennino, il cui turismo si \u00e8 chiuso in negativo: per essere attrattivi bisogna innovare e proporre vacanza diverse al turista; stessa cosa per le citt\u00e0 d&#8217;arte che, secondo la Regione, faticano a proporre offerte al di fuori del settore business. Insomma, da Bologna si guarda al turismo in Regione pare ci sia molto da rifare.<\/p>\n","protected":false},"excerpt":{"rendered":"<p>La settimana scorsa &egrave; uscito il rapporto della Regione Emilia Romagna sulla linee guida per la promozione turistica 2013. All&rsquo;interno si trovano cinque righe che riguardano la Riviera Romagnola che sono destinate a far molto parlare di s&eacute; perch&eacute;<\/p>\n","protected":false},"author":5,"featured_media":0,"comment_status":"open","ping_status":"open","sticky":false,"template":"","format":"standard","meta":{"footnotes":""},"categories":[3],"tags":[5],"class_list":["post-3535","post","type-post","status-publish","format-standard","hentry","category-turismo","tag-notizie"],"aioseo_notices":[],"_links":{"self":[{"href":"https:\/\/www.minicity.it\/blog\/wp-json\/wp\/v2\/posts\/3535","targetHints":{"allow":["GET"]}}],"collection":[{"href":"https:\/\/www.minicity.it\/blog\/wp-json\/wp\/v2\/posts"}],"about":[{"href":"https:\/\/www.minicity.it\/blog\/wp-json\/wp\/v2\/types\/post"}],"author":[{"embeddable":true,"href":"https:\/\/www.minicity.it\/blog\/wp-json\/wp\/v2\/users\/5"}],"replies":[{"embeddable":true,"href":"https:\/\/www.minicity.it\/blog\/wp-json\/wp\/v2\/comments?post=3535"}],"version-history":[{"count":0,"href":"https:\/\/www.minicity.it\/blog\/wp-json\/wp\/v2\/posts\/3535\/revisions"}],"wp:attachment":[{"href":"https:\/\/www.minicity.it\/blog\/wp-json\/wp\/v2\/media?parent=3535"}],"wp:term":[{"taxonomy":"category","embeddable":true,"href":"https:\/\/www.minicity.it\/blog\/wp-json\/wp\/v2\/categories?post=3535"},{"taxonomy":"post_tag","embeddable":true,"href":"https:\/\/www.minicity.it\/blog\/wp-json\/wp\/v2\/tags?post=3535"}],"curies":[{"name":"wp","href":"https:\/\/api.w.org\/{rel}","templated":true}]}}