{"id":3543,"date":"2012-05-03T12:45:04","date_gmt":"2012-05-03T12:45:04","guid":{"rendered":"https:\/\/www.minicity.it\/blog\/?p=3543"},"modified":"2012-05-03T12:45:04","modified_gmt":"2012-05-03T12:45:04","slug":"tassa-di-soggiorno-secessione-a-gabicce-mare","status":"publish","type":"post","link":"https:\/\/www.minicity.it\/blog\/2012\/05\/tassa-di-soggiorno-secessione-a-gabicce-mare\/","title":{"rendered":"Tassa di soggiorno: secessione a Gabicce Mare?"},"content":{"rendered":"<p><a href=\"https:\/\/www.minicity.it\/blog\/wp-content\/uploads\/2012\/01\/tassasoggiorno.jpg\"><img loading=\"lazy\" decoding=\"async\" class=\"alignleft size-full wp-image-3030\" title=\"tassasoggiorno\" src=\"https:\/\/www.minicity.it\/blog\/wp-content\/uploads\/2012\/01\/tassasoggiorno.jpg\" alt=\"\" width=\"200\" height=\"136\" \/><\/a>Tra Emilia-Romagna e Marche gira ancora la parola \u201csecessione\u201d. Si tratta, nello specifico, della cittadina di <strong>Gabicce Mare<\/strong>, che si situa tra la provincia romagnola di Rimini, e quella marchigiana di Pesaro Urbino.<\/p>\n<p>A lanciare l&#8217;idea sono gli albergatori di Gabicce Mare, che hanno proposto di fare un referendum per chiedere ai loro concittadini da che<!--more--> parte vogliono stare. <strong>Qual \u00e8 il motivo della discordia?<\/strong> Il turismo ovviamente. Gli albergatori di Gabicce Mare sostengono che la provincia di Pesaro-Urbino (e la Regione Marche, di conseguenza), hanno una politica economica che non premia e non punta sul turismo, cosa che invece, ai loro occhi, fa la provincia di Rimini, ha sostenuto Angelo Serra, portavoce degli albergatori del comune (per ora) marchigiano.<\/p>\n<p>La goccia che ha fatto traboccare il vaso \u00e8 la <strong>tassa di soggiorno<\/strong>, che gli esercenti non vogliono pagare al Comune e che vogliono trasformare, come avviene a Cattolica, in un contributo volontario. Ricordiamo che la tassa di soggiorno fa parte del decreto sul federalismo fiscale municipale: si tratta di un&#8217;imposta che si applicherebbe ai soggiorni turistici e che la struttura ricettiva dovrebbe passare al comune.<\/p>\n<p><strong>Cosa dice l&#8217;amministrazione?<\/strong> Il sindaco di Gabicce, Corrado Curti, si dice disposto al dialogo e, sostiene, la tassa di soggiorno \u00e8 un argomento un po&#8217; debole per lanciare l&#8217;idea della secessione.<\/p>\n<p>Per\u00f2 la secessione in queste zone non \u00e8 un&#8217;ipotesi cos\u00ec inverosimile. In Valmarecchia, infatti, sono gi\u00e0 sette i comuni che sono passati dalle Marche all&#8217;Emilia-Romagna; altri due \u2013 Montecopiolo e Sassofeltri \u2013 fanno sapere che vogliono passare il confine. L&#8217;assemblea legislativa dell&#8217;Emilia-Romagna ha gi\u00e0 dato il suo assenso, mancano alcuni passaggi burocratici.<\/p>\n","protected":false},"excerpt":{"rendered":"<p>Tra Emilia-Romagna e Marche gira ancora la parola &ldquo;secessione&rdquo;. Si tratta, nello specifico, della cittadina di Gabicce Mare, che si situa tra la provincia romagnola di Rimini, e quella marchigiana di Pesaro Urbino. A lanciare l&rsquo;idea sono gli albergatori di Gabicce Mare, che hanno proposto di fare un referendum per chiedere ai loro concittadini da &#8230;<a class=\"post-readmore\" href=\"https:\/\/www.minicity.it\/blog\/2012\/05\/tassa-di-soggiorno-secessione-a-gabicce-mare\/\">read more<\/a><\/p>\n","protected":false},"author":5,"featured_media":0,"comment_status":"open","ping_status":"open","sticky":false,"template":"","format":"standard","meta":{"footnotes":""},"categories":[3],"tags":[32,5],"class_list":["post-3543","post","type-post","status-publish","format-standard","hentry","category-turismo","tag-marche","tag-notizie"],"aioseo_notices":[],"_links":{"self":[{"href":"https:\/\/www.minicity.it\/blog\/wp-json\/wp\/v2\/posts\/3543","targetHints":{"allow":["GET"]}}],"collection":[{"href":"https:\/\/www.minicity.it\/blog\/wp-json\/wp\/v2\/posts"}],"about":[{"href":"https:\/\/www.minicity.it\/blog\/wp-json\/wp\/v2\/types\/post"}],"author":[{"embeddable":true,"href":"https:\/\/www.minicity.it\/blog\/wp-json\/wp\/v2\/users\/5"}],"replies":[{"embeddable":true,"href":"https:\/\/www.minicity.it\/blog\/wp-json\/wp\/v2\/comments?post=3543"}],"version-history":[{"count":0,"href":"https:\/\/www.minicity.it\/blog\/wp-json\/wp\/v2\/posts\/3543\/revisions"}],"wp:attachment":[{"href":"https:\/\/www.minicity.it\/blog\/wp-json\/wp\/v2\/media?parent=3543"}],"wp:term":[{"taxonomy":"category","embeddable":true,"href":"https:\/\/www.minicity.it\/blog\/wp-json\/wp\/v2\/categories?post=3543"},{"taxonomy":"post_tag","embeddable":true,"href":"https:\/\/www.minicity.it\/blog\/wp-json\/wp\/v2\/tags?post=3543"}],"curies":[{"name":"wp","href":"https:\/\/api.w.org\/{rel}","templated":true}]}}