{"id":3548,"date":"2012-05-04T10:51:34","date_gmt":"2012-05-04T10:51:34","guid":{"rendered":"https:\/\/www.minicity.it\/blog\/?p=3548"},"modified":"2012-05-04T10:51:34","modified_gmt":"2012-05-04T10:51:34","slug":"in-emilia-romagna-arriva-allegromosso-il-festival-della-musica-giovane","status":"publish","type":"post","link":"https:\/\/www.minicity.it\/blog\/2012\/05\/in-emilia-romagna-arriva-allegromosso-il-festival-della-musica-giovane\/","title":{"rendered":"In Emilia-Romagna arriva Allegromosso, il festival della musica giovane"},"content":{"rendered":"<p><strong><a href=\"https:\/\/www.minicity.it\/blog\/wp-content\/uploads\/2012\/05\/allegromosso2012.jpg\"><img loading=\"lazy\" decoding=\"async\" class=\"alignleft size-full wp-image-3550\" title=\"allegromosso2012\" src=\"https:\/\/www.minicity.it\/blog\/wp-content\/uploads\/2012\/05\/allegromosso2012.jpg\" alt=\"\" width=\"200\" height=\"150\" \/><\/a>Tra il 17 e il 19 maggio 2012<\/strong> in <strong>Emilia-Romagna<\/strong> sono attesi oltre 6 mila giovani musicisti in arrivo da 25 Paesi dell&#8217;Unione Europea. Si tratta di ragazzi tra i 12 e i 25 anni che si apprestano a partecipare a <strong>\u201cAllegromosso\u201d<\/strong>, uno dei pi\u00f9 famosi <strong>festival<\/strong> europei dedicati al talento e alla <strong>musica giovanile<\/strong>.<\/p>\n<p>Durante la <!--more-->tre giorni, in diverse citt\u00e0, tra cui Rimini, Forl\u00ec, Cesena, Ravenna, Ferrara e i paesini limitrofi (25 localit\u00e0 della costa e dell\u2019entroterra emiliano-romagnolo sono infatti coinvolte ) e dell&#8217;entroterra, si terranno oltre 400 concerti, workshop, seminari, corsi e spettacoli. Per l&#8217;<strong>edizione del 2012<\/strong> \u00e8 prevista una diretta da Radio 1 Rai, con il supporto del Gr Ragazzi.<\/p>\n<p>Maurizio Melucci, assessore al Turismo e al Commercio della Regione Emilia-Romagna si dice molto soddisfatto di questa iniziativa, che rappresenta una grande opportunit\u00e0 per lo sviluppo del turismo in Regione e per la promozione della cultura, in Italia e in Europa. Tra gli spettacoli gi\u00e0 annunciati citiamo l\u2019Orchestra giovanile \u201cLuigi Cherubini\u201d diretta dal Maestro Wayne Marshall, che si esibir\u00e0 a Ravenna e la grande serata di chiusura a Cesena con un nome del calibro di Goran Bregovic, con la sua Wedding and Funeral Band.<\/p>\n<p><strong>\u201cAllegromosso\u201d<\/strong> \u00e8 un festival organizzato dalla regione Emilia-Romagna, da Emu (Unione Europea delle scuole di Musica) Aidsm (Associazione Italiana delle Scuole di Musica) e Assonanza (Associazione delle Scuole di Musica dell\u2019Emilia Romagna). In occasione del festival, sono anche previsti due giorni di brain-storming a Riccione dove, dal 15 al 17 maggio, oltre 70 rappresentanti delle associazioni affiliate a Emu in tutta Europa si ritroveranno per l&#8217;Assemblea Generale dell&#8217;Unione.<\/p>\n","protected":false},"excerpt":{"rendered":"<p>Tra il 17 e il 19 maggio 2012 in Emilia-Romagna sono attesi oltre 6 mila giovani musicisti in arrivo da 25 Paesi dell&rsquo;Unione Europea. Si tratta di ragazzi tra i 12 e i 25 anni che si apprestano a partecipare a &ldquo;Allegromosso&rdquo;, uno dei pi&ugrave; famosi festival europei dedicati al talento e alla musica giovanile. &#8230;<a class=\"post-readmore\" href=\"https:\/\/www.minicity.it\/blog\/2012\/05\/in-emilia-romagna-arriva-allegromosso-il-festival-della-musica-giovane\/\">read more<\/a><\/p>\n","protected":false},"author":6,"featured_media":0,"comment_status":"open","ping_status":"open","sticky":false,"template":"","format":"standard","meta":{"footnotes":""},"categories":[3],"tags":[33,55],"class_list":["post-3548","post","type-post","status-publish","format-standard","hentry","category-turismo","tag-eventi-riviera","tag-notizie-cultura"],"aioseo_notices":[],"_links":{"self":[{"href":"https:\/\/www.minicity.it\/blog\/wp-json\/wp\/v2\/posts\/3548","targetHints":{"allow":["GET"]}}],"collection":[{"href":"https:\/\/www.minicity.it\/blog\/wp-json\/wp\/v2\/posts"}],"about":[{"href":"https:\/\/www.minicity.it\/blog\/wp-json\/wp\/v2\/types\/post"}],"author":[{"embeddable":true,"href":"https:\/\/www.minicity.it\/blog\/wp-json\/wp\/v2\/users\/6"}],"replies":[{"embeddable":true,"href":"https:\/\/www.minicity.it\/blog\/wp-json\/wp\/v2\/comments?post=3548"}],"version-history":[{"count":0,"href":"https:\/\/www.minicity.it\/blog\/wp-json\/wp\/v2\/posts\/3548\/revisions"}],"wp:attachment":[{"href":"https:\/\/www.minicity.it\/blog\/wp-json\/wp\/v2\/media?parent=3548"}],"wp:term":[{"taxonomy":"category","embeddable":true,"href":"https:\/\/www.minicity.it\/blog\/wp-json\/wp\/v2\/categories?post=3548"},{"taxonomy":"post_tag","embeddable":true,"href":"https:\/\/www.minicity.it\/blog\/wp-json\/wp\/v2\/tags?post=3548"}],"curies":[{"name":"wp","href":"https:\/\/api.w.org\/{rel}","templated":true}]}}