{"id":357,"date":"2011-02-25T11:13:42","date_gmt":"2011-02-25T11:13:42","guid":{"rendered":"https:\/\/www.minicity.it\/blog\/?p=357"},"modified":"2011-02-25T11:13:42","modified_gmt":"2011-02-25T11:13:42","slug":"giovanni-allevi-a-ravenna","status":"publish","type":"post","link":"https:\/\/www.minicity.it\/blog\/2011\/02\/giovanni-allevi-a-ravenna\/","title":{"rendered":"Giovanni Allevi a Ravenna"},"content":{"rendered":"<p><a href=\"https:\/\/www.minicity.it\/blog\/wp-content\/uploads\/2011\/02\/giovanniallevi.jpg\" target=\"_blank\"><img loading=\"lazy\" decoding=\"async\" class=\"alignleft size-full wp-image-358\" style=\"margin: 5px 8px;\" title=\"giovanniallevi\" src=\"https:\/\/www.minicity.it\/blog\/wp-content\/uploads\/2011\/02\/giovanniallevi.jpg\" alt=\"\" width=\"150\" height=\"112\" \/><\/a>Dopo Los Angeles, in Giappone e Lugano il pianista Giovanni Allevi sar\u00e0 in Romagna, a Ravenna, sabato 12 marzo 2011 con il suo Alien World Tour. Il concerto del compositore e pianista si terr\u00e0 al Pala De Andr\u00e8 di Ravenna. Durante il concerto verrano presentati brani dall&#8217;ultimo album di inediti dell&#8217;artista, \u201cAlien\u201d uscito lo scorso settembre, oltre a grandi classici e vecchi successi. Il nuovo album \u00e8 gi\u00e0 al secondo posto della classifica Fimi-Nielsen.<\/p>\n<p><strong>Dove:<\/strong> Ravenna, Pala De Andr\u00e9<\/p>\n<p><strong>Quando:<\/strong> sabato 12 marzo<\/p>\n<p><strong>Costo:<\/strong> a partire da 54 euro<\/p>\n","protected":false},"excerpt":{"rendered":"<p>Dopo Los Angeles, in Giappone e Lugano il pianista Giovanni Allevi sar&agrave; in Romagna, a Ravenna, sabato 12 marzo 2011 con il suo Alien World Tour. Il concerto del compositore e pianista si terr&agrave; al Pala De Andr&egrave; di Ravenna. Durante il concerto verrano presentati brani dall&rsquo;ultimo album di inediti dell&rsquo;artista, &ldquo;Alien&rdquo; uscito lo scorso &#8230;<a class=\"post-readmore\" href=\"https:\/\/www.minicity.it\/blog\/2011\/02\/giovanni-allevi-a-ravenna\/\">read more<\/a><\/p>\n","protected":false},"author":1,"featured_media":0,"comment_status":"open","ping_status":"open","sticky":false,"template":"","format":"standard","meta":{"footnotes":""},"categories":[3],"tags":[33],"class_list":["post-357","post","type-post","status-publish","format-standard","hentry","category-turismo","tag-eventi-riviera"],"aioseo_notices":[],"_links":{"self":[{"href":"https:\/\/www.minicity.it\/blog\/wp-json\/wp\/v2\/posts\/357","targetHints":{"allow":["GET"]}}],"collection":[{"href":"https:\/\/www.minicity.it\/blog\/wp-json\/wp\/v2\/posts"}],"about":[{"href":"https:\/\/www.minicity.it\/blog\/wp-json\/wp\/v2\/types\/post"}],"author":[{"embeddable":true,"href":"https:\/\/www.minicity.it\/blog\/wp-json\/wp\/v2\/users\/1"}],"replies":[{"embeddable":true,"href":"https:\/\/www.minicity.it\/blog\/wp-json\/wp\/v2\/comments?post=357"}],"version-history":[{"count":0,"href":"https:\/\/www.minicity.it\/blog\/wp-json\/wp\/v2\/posts\/357\/revisions"}],"wp:attachment":[{"href":"https:\/\/www.minicity.it\/blog\/wp-json\/wp\/v2\/media?parent=357"}],"wp:term":[{"taxonomy":"category","embeddable":true,"href":"https:\/\/www.minicity.it\/blog\/wp-json\/wp\/v2\/categories?post=357"},{"taxonomy":"post_tag","embeddable":true,"href":"https:\/\/www.minicity.it\/blog\/wp-json\/wp\/v2\/tags?post=357"}],"curies":[{"name":"wp","href":"https:\/\/api.w.org\/{rel}","templated":true}]}}