{"id":3576,"date":"2012-05-11T09:33:52","date_gmt":"2012-05-11T09:33:52","guid":{"rendered":"https:\/\/www.minicity.it\/blog\/?p=3576"},"modified":"2012-05-11T09:33:52","modified_gmt":"2012-05-11T09:33:52","slug":"san-mauro-una-serata-enogastronomica-dedicata-a-giovanni-pascoli","status":"publish","type":"post","link":"https:\/\/www.minicity.it\/blog\/2012\/05\/san-mauro-una-serata-enogastronomica-dedicata-a-giovanni-pascoli\/","title":{"rendered":"San Mauro: una serata enogastronomica dedicata a Giovanni Pascoli"},"content":{"rendered":"<p><a href=\"https:\/\/www.minicity.it\/blog\/wp-content\/uploads\/2012\/05\/giovannipascoli.jpg\"><img loading=\"lazy\" decoding=\"async\" class=\"alignleft size-full wp-image-3577\" title=\"giovannipascoli\" src=\"https:\/\/www.minicity.it\/blog\/wp-content\/uploads\/2012\/05\/giovannipascoli.jpg\" alt=\"\" width=\"200\" height=\"131\" \/><\/a>A <strong>San Mauro Pascoli<\/strong> iniziano i <strong>festeggiamenti per i 100 anni<\/strong> dalla morte del poeta e intellettuale che ha dato il nome al paesino romagnolo: <strong>Giovanni Pascoli<\/strong>.<\/p>\n<p>Durante tutta l&#8217;estate 2012, infatti, ci saranno conferenze, eventi, manifestazioni e proposte enogastronomiche che celebrano il grande letterato. Il primo appuntamento sar\u00e0 proprio<!--more--> legato all&#8217;enogastronomia e si terr\u00e0 il prossimo venerd\u00ec 18 maggio nella suggestiva cornice della Torre di San Mauro Pascoli. Si tratta di \u201cPascoli, il gusto delle Emozioni\u201d, una cena di degustazione preparata dal cuoco di San Marino Pier Giorgio Parini, stellato cuoco dell\u2019Osteria Povero Diavolo e insignito quest\u2019anno della Torre d\u2019Oro.<\/p>\n<p>La cena, come si desume dal nome, sar\u00e0 ispirata a Giovanni Pascoli e al suo gusto in cucina: il poeta, infatti, ha spesso composto testi che si richiamavano alla tradizione gastronomica romagnola e italiana. Durante la serata verranno letti dei commenti critici da parte di due attori professionisti, Mirko Ciorciari e Paolo Summaria. I presenti riceveranno anche in omaggio il testo di Carla Brigliadori, consigliere comunale e responsabile della famosa scuola di cucina di Casa Artusi (Forlimpopoli) che contiene le ricette che gli ospiti gusteranno durante la cena e i brani pascoliani dai quali queste sono tratte.<\/p>\n<p><strong>\u201cPascoli, il gusto delle Emozioni\u201d<\/strong> nasce da un&#8217;iniziativa del Comune di San Mauro Pascoli e del Caseificio Pascoli, in collaborazione con la Cna. La serata sar\u00e0 possibile grazie al contributo della Regione Emilia Romagna, della Fondazione Cassa di Risparmio di Cesena, di Romagna Acque, della Provincia di Forl\u00ec-Cesena, di Hera e delle aziende del territorio che fanno parte di \u201cRomagna da Gustare\u201d. Per informazioni sulla serata e per prenotare contattare l&#8217;Associazione Giano Produzioni al numero 335 5918055.<\/p>\n","protected":false},"excerpt":{"rendered":"<p>A San Mauro Pascoli iniziano i festeggiamenti per i 100 anni dalla morte del poeta e intellettuale che ha dato il nome al paesino romagnolo: Giovanni Pascoli. Durante tutta l&rsquo;estate 2012, infatti, ci saranno conferenze, eventi, manifestazioni e proposte enogastronomiche che celebrano il grande letterato. Il primo appuntamento sar&agrave; proprio<\/p>\n","protected":false},"author":5,"featured_media":0,"comment_status":"open","ping_status":"open","sticky":false,"template":"","format":"standard","meta":{"footnotes":""},"categories":[3],"tags":[54,24],"class_list":["post-3576","post","type-post","status-publish","format-standard","hentry","category-turismo","tag-eventi-enogastronomici","tag-forli-cesena"],"aioseo_notices":[],"_links":{"self":[{"href":"https:\/\/www.minicity.it\/blog\/wp-json\/wp\/v2\/posts\/3576","targetHints":{"allow":["GET"]}}],"collection":[{"href":"https:\/\/www.minicity.it\/blog\/wp-json\/wp\/v2\/posts"}],"about":[{"href":"https:\/\/www.minicity.it\/blog\/wp-json\/wp\/v2\/types\/post"}],"author":[{"embeddable":true,"href":"https:\/\/www.minicity.it\/blog\/wp-json\/wp\/v2\/users\/5"}],"replies":[{"embeddable":true,"href":"https:\/\/www.minicity.it\/blog\/wp-json\/wp\/v2\/comments?post=3576"}],"version-history":[{"count":0,"href":"https:\/\/www.minicity.it\/blog\/wp-json\/wp\/v2\/posts\/3576\/revisions"}],"wp:attachment":[{"href":"https:\/\/www.minicity.it\/blog\/wp-json\/wp\/v2\/media?parent=3576"}],"wp:term":[{"taxonomy":"category","embeddable":true,"href":"https:\/\/www.minicity.it\/blog\/wp-json\/wp\/v2\/categories?post=3576"},{"taxonomy":"post_tag","embeddable":true,"href":"https:\/\/www.minicity.it\/blog\/wp-json\/wp\/v2\/tags?post=3576"}],"curies":[{"name":"wp","href":"https:\/\/api.w.org\/{rel}","templated":true}]}}