{"id":3582,"date":"2012-05-11T14:48:18","date_gmt":"2012-05-11T14:48:18","guid":{"rendered":"https:\/\/www.minicity.it\/blog\/?p=3582"},"modified":"2012-05-11T14:48:18","modified_gmt":"2012-05-11T14:48:18","slug":"cesenatico-premiato-per-la-memoria-del-porto","status":"publish","type":"post","link":"https:\/\/www.minicity.it\/blog\/2012\/05\/cesenatico-premiato-per-la-memoria-del-porto\/","title":{"rendered":"Cesenatico premiato per \u201cla memoria del porto\u201d"},"content":{"rendered":"<p><strong><a href=\"https:\/\/www.minicity.it\/blog\/wp-content\/uploads\/2012\/05\/portocesenatico.jpg\"><img loading=\"lazy\" decoding=\"async\" class=\"alignleft size-full wp-image-3584\" title=\"portocesenatico\" src=\"https:\/\/www.minicity.it\/blog\/wp-content\/uploads\/2012\/05\/portocesenatico.jpg\" alt=\"\" width=\"200\" height=\"135\" \/><\/a>Cesenatico<\/strong> e il suo porto faranno parte di una mostra itinerante che si sposter\u00e0 in vari porti d&#8217;Europa nei prossimi mesi. Si tratta di un progetto che si chiama <strong>\u201cMemoria dei porti del Mediterraneo\u201d<\/strong> (M\u00e9moire des Port de M\u00e9diterran\u00e9e) al quale Cesenatico \u00e8 stata ammessa grazie a<!--more--> una concorso al quale ha partecipato e che coinvolgeva 24 cittadine portuali di tutta Europa. Lo scorso 14 aprile una giuria, riunita a Marsiglia, ne ha selezionate 14.<\/p>\n<p>Oltre a Cesenatico, \u201cMemoria dei porti del Mediterraneo\u201d coinvolge Rovigno, Chioggia, La Spezia, Marina di Cassano, Sorrento, Villefranche, Nizza, La Ciotat, Sanary, Marsiglia, La Seyne sur mer, Hy\u00e8res, Palavas-les-flots, Chergui e le isole Kerkenna. Roberto Buda, Sindaco di Cesenatico, si \u00e8 detto molto soddisfatto di questo riconoscimento che tocca la citt\u00e0 e il suo lavoro di memoria.<\/p>\n<p>\u201cMemoria dei porti del Mediterraneo\u201d \u00e8 stato lanciato dalla famosa F\u00e9d\u00e9ration du patrimoine maritime m\u00e9diterran\u00e9en: lo scopo \u00e8 quello di valorizzare i porti europei che hanno saputo modernizzarsi pur restando fedeli alla loro storia e tradizione. Tra le categorie prese in considerazione ci sono quelle architettoniche e culturali (musei, barche, lavori di conservazione e restauro&#8230;), ma anche le attivit\u00e0 di educazione e sviluppo legate al mare, come i progetti con le scuole, i laboratori e le iniziative culturali.<\/p>\n<p>La giuria era composta da personaggi di fama internazionale, come Mauro Solinas, responsabile Relazioni Esterne di Contship Italia, Bernard Hospital della F\u00e9d\u00e9ration du patrimoine maritime m\u00e9diterran\u00e9en, Robert Allione, il Presidente del Conseil R\u00e9gional de la Mer, Leila Ladjimi Seba, presidente dell\u2019International Council of Museums della Tunisia e Christina Baron, conservatrice Mus\u00e9e de la Marine di Tolone.<\/p>\n","protected":false},"excerpt":{"rendered":"<p>Cesenatico e il suo porto faranno parte di una mostra itinerante che si sposter&agrave; in vari porti d&rsquo;Europa nei prossimi mesi. Si tratta di un progetto che si chiama &ldquo;Memoria dei porti del Mediterraneo&rdquo; (M&eacute;moire des Port de M&eacute;diterran&eacute;e) al quale Cesenatico &egrave; stata ammessa grazie a<\/p>\n","protected":false},"author":6,"featured_media":0,"comment_status":"open","ping_status":"open","sticky":false,"template":"","format":"standard","meta":{"footnotes":""},"categories":[3],"tags":[38,55],"class_list":["post-3582","post","type-post","status-publish","format-standard","hentry","category-turismo","tag-cesenatico","tag-notizie-cultura"],"aioseo_notices":[],"_links":{"self":[{"href":"https:\/\/www.minicity.it\/blog\/wp-json\/wp\/v2\/posts\/3582","targetHints":{"allow":["GET"]}}],"collection":[{"href":"https:\/\/www.minicity.it\/blog\/wp-json\/wp\/v2\/posts"}],"about":[{"href":"https:\/\/www.minicity.it\/blog\/wp-json\/wp\/v2\/types\/post"}],"author":[{"embeddable":true,"href":"https:\/\/www.minicity.it\/blog\/wp-json\/wp\/v2\/users\/6"}],"replies":[{"embeddable":true,"href":"https:\/\/www.minicity.it\/blog\/wp-json\/wp\/v2\/comments?post=3582"}],"version-history":[{"count":0,"href":"https:\/\/www.minicity.it\/blog\/wp-json\/wp\/v2\/posts\/3582\/revisions"}],"wp:attachment":[{"href":"https:\/\/www.minicity.it\/blog\/wp-json\/wp\/v2\/media?parent=3582"}],"wp:term":[{"taxonomy":"category","embeddable":true,"href":"https:\/\/www.minicity.it\/blog\/wp-json\/wp\/v2\/categories?post=3582"},{"taxonomy":"post_tag","embeddable":true,"href":"https:\/\/www.minicity.it\/blog\/wp-json\/wp\/v2\/tags?post=3582"}],"curies":[{"name":"wp","href":"https:\/\/api.w.org\/{rel}","templated":true}]}}