{"id":3588,"date":"2012-05-15T10:58:01","date_gmt":"2012-05-15T10:58:01","guid":{"rendered":"https:\/\/www.minicity.it\/blog\/?p=3588"},"modified":"2012-05-15T10:58:01","modified_gmt":"2012-05-15T10:58:01","slug":"misano-adriatico-e-una-maglietta","status":"publish","type":"post","link":"https:\/\/www.minicity.it\/blog\/2012\/05\/misano-adriatico-e-una-maglietta\/","title":{"rendered":"Misano Adriatico \u00e8 una maglietta"},"content":{"rendered":"<p><a href=\"https:\/\/www.minicity.it\/blog\/wp-content\/uploads\/2012\/05\/magliettamisanopromozione.jpg\"><img loading=\"lazy\" decoding=\"async\" class=\"alignleft size-full wp-image-3589\" title=\"magliettamisanopromozione\" src=\"https:\/\/www.minicity.it\/blog\/wp-content\/uploads\/2012\/05\/magliettamisanopromozione.jpg\" alt=\"\" width=\"200\" height=\"111\" \/><\/a>L&#8217;amministrazione comunale di <strong>Misano Adriatico<\/strong> continua ad investire nella <strong>promozione turistica del comune romagnolo<\/strong>. Tra le iniziative lanciate ricordiamo la produzione di una <strong>nuova brochure informativa<\/strong>, un nuovo logo di Misano Turismo, due vele azzurre (una alta 6 e una alta 3 metri), uno striscione con il nome della cittadina e un<!--more--> gazebo gonfiabile per sostenere la diffusione di informazioni turistiche. Si tratta di iniziative volte a lavorare dal punto di vista della comunicazione e del marketing per lanciare ulteriormente il settore turistico. La nuova trovata \u00e8 stata la <strong>produzione d una t-shirt<\/strong> con sopra il logo di Misano, che richiama le caratteristiche della citt\u00e0.<\/p>\n<p><strong>La maglietta \u00e8 stata presentata<\/strong> dall\u2019assessore al turismo, Claudio Baschetti, per il raduno del \u201cFiat 500 Fans club di Roma\u201d. \u00c8 stata indossata anche dagli amministratori comunali al Torneo internazionale di beach tennis High Power Cup. Per ora la nuova maglietta non \u00e8 in vendita: viene indossata dagli operatori del settore durante le manifestazioni e le fiere. In futuro diventer\u00e0 un dono che verr\u00e0 lasciato ai turisti, in ricordo del loro soggiorno a Misano Adriatico. Questo lavoro testimonia della volont\u00e0 dell&#8217;amministrazione di investire sempre di pi\u00f9 nel turismo, risorsa che, nonostante la crisi economica, pu\u00f2 ancora essere motore di crescita.<\/p>\n<p><strong>Ricordiamo che anche quest&#8217;anno Misano<\/strong>, grazie alla qualit\u00e0 del suo mare e all&#8217;efficenza delle sue strutture ricettive, ha ottenuto la Bandiera Blu, riconoscimento della FEE, la Fondazione per l&#8217;Educazione Ambientale alle localit\u00e0 che si distinguono per queste caratteristiche.<\/p>\n","protected":false},"excerpt":{"rendered":"<p>L&rsquo;amministrazione comunale di Misano Adriatico continua ad investire nella promozione turistica del comune romagnolo. Tra le iniziative lanciate ricordiamo la produzione di una nuova brochure informativa, un nuovo logo di Misano Turismo, due vele azzurre (una alta 6 e una alta 3 metri), uno striscione con il nome della cittadina e un<\/p>\n","protected":false},"author":5,"featured_media":0,"comment_status":"open","ping_status":"open","sticky":false,"template":"","format":"standard","meta":{"footnotes":""},"categories":[3],"tags":[36,5],"class_list":["post-3588","post","type-post","status-publish","format-standard","hentry","category-turismo","tag-misano-adriatico","tag-notizie"],"aioseo_notices":[],"_links":{"self":[{"href":"https:\/\/www.minicity.it\/blog\/wp-json\/wp\/v2\/posts\/3588","targetHints":{"allow":["GET"]}}],"collection":[{"href":"https:\/\/www.minicity.it\/blog\/wp-json\/wp\/v2\/posts"}],"about":[{"href":"https:\/\/www.minicity.it\/blog\/wp-json\/wp\/v2\/types\/post"}],"author":[{"embeddable":true,"href":"https:\/\/www.minicity.it\/blog\/wp-json\/wp\/v2\/users\/5"}],"replies":[{"embeddable":true,"href":"https:\/\/www.minicity.it\/blog\/wp-json\/wp\/v2\/comments?post=3588"}],"version-history":[{"count":0,"href":"https:\/\/www.minicity.it\/blog\/wp-json\/wp\/v2\/posts\/3588\/revisions"}],"wp:attachment":[{"href":"https:\/\/www.minicity.it\/blog\/wp-json\/wp\/v2\/media?parent=3588"}],"wp:term":[{"taxonomy":"category","embeddable":true,"href":"https:\/\/www.minicity.it\/blog\/wp-json\/wp\/v2\/categories?post=3588"},{"taxonomy":"post_tag","embeddable":true,"href":"https:\/\/www.minicity.it\/blog\/wp-json\/wp\/v2\/tags?post=3588"}],"curies":[{"name":"wp","href":"https:\/\/api.w.org\/{rel}","templated":true}]}}