{"id":3604,"date":"2012-05-17T14:41:39","date_gmt":"2012-05-17T14:41:39","guid":{"rendered":"https:\/\/www.minicity.it\/blog\/?p=3604"},"modified":"2012-09-14T12:18:34","modified_gmt":"2012-09-14T12:18:34","slug":"cesenatico-un-convegno-sulle-cure-palliative","status":"publish","type":"post","link":"https:\/\/www.minicity.it\/blog\/2012\/05\/cesenatico-un-convegno-sulle-cure-palliative\/","title":{"rendered":"Cesenatico: un convegno sulle cure palliative"},"content":{"rendered":"<p><strong><a href=\"https:\/\/www.minicity.it\/blog\/wp-content\/uploads\/2012\/05\/eventicesenatico.jpg\"><img loading=\"lazy\" decoding=\"async\" class=\"alignleft size-full wp-image-3606\" title=\"eventicesenatico\" src=\"https:\/\/www.minicity.it\/blog\/wp-content\/uploads\/2012\/05\/eventicesenatico.jpg\" alt=\"\" width=\"200\" height=\"150\" \/><\/a>Venerd\u00ec 18 maggio<\/strong>, a partire dalle ore 9:00 a <strong>Cesenatico<\/strong> si terr\u00e0 un importante appuntamento regionale. Si tratta del Convegno <strong>&#8220;Cure Palliative in Emilia Romagna: costruire il futuro&#8221;<\/strong>, una giornata organizzata dalla Societ\u00e0 Italiana di Cure Palliative, che si terr\u00e0 al Palazzo del Turismo di Cesenatico.<\/p>\n<p>Si tratta di una giornata di lavori alla quale<!--more--> parteciperanno i maggiori esperti del settore. Per \u201ccure palliative\u201d si intendono quelle cure rivolte ai pazienti affetti da patologie terminali, per i quali sono previste terapie che si concentrano su cose come il controllo del dolore, i sintomi secondari, i problemi psicologici, sociali e spirituali legati al vissuto di una malattia degenerativa. Questo tipo di cura con gli anni si \u00e8 affermata come un settore di sempre maggiori importanza. \u00c8 quindi sempre pi\u00f9 necessario formare dei professionisti che siano in grado di rispondere a questi bisogni. Durante il convegno verranno presentate le ultime terapie, le formazioni, le ricerche e i possibili sviluppi del settore. La Societ\u00e0 Italiana di Cure Palliative esiste dalla met\u00e0 degli anni Ottanta e oggi \u00e8 uno dei massimi interlocutori del Ministero della Salute per quanto riguarda le terapie del dolore. Promuove la formazione e la ricerca, il carattere multidisciplinare delle Cure Palliative e la diffusione dei suoi metodi.<\/p>\n<p><strong>Cure Palliative in Emilia Romagna<\/strong>: costruire il futuro&#8221; durer\u00e0 fino alle ore 18:00: sar\u00e0 un&#8217;occasione per molti per un <a href=\"https:\/\/www.minicity.it\/hotel-cesenatico.html\" target=\"_blank\">fine settimana al mare in hotel a Cesenatico<\/a>. Tra i relatori ricordiamo la dottoressa Cristina Pittureri, responsabile del Servizio Cure Palliative e Hospice dell&#8217;Ausl di Cesena e coordinatrice SICP per l&#8217;Emilia Romagna. &#8220;Cure Palliative in Emilia Romagna: costruire il futuro&#8221; ha il patrocinio dell&#8217;Azienda Usl di Cesena.<\/p>\n","protected":false},"excerpt":{"rendered":"<p>Venerd&igrave; 18 maggio, a partire dalle ore 9:00 a Cesenatico si terr&agrave; un importante appuntamento regionale. Si tratta del Convegno &ldquo;Cure Palliative in Emilia Romagna: costruire il futuro&rdquo;, una giornata organizzata dalla Societ&agrave; Italiana di Cure Palliative, che si terr&agrave; al Palazzo del Turismo di Cesenatico. Si tratta di una giornata di lavori alla quale<\/p>\n","protected":false},"author":1,"featured_media":0,"comment_status":"open","ping_status":"open","sticky":false,"template":"","format":"standard","meta":{"footnotes":""},"categories":[3],"tags":[38],"class_list":["post-3604","post","type-post","status-publish","format-standard","hentry","category-turismo","tag-cesenatico"],"aioseo_notices":[],"_links":{"self":[{"href":"https:\/\/www.minicity.it\/blog\/wp-json\/wp\/v2\/posts\/3604","targetHints":{"allow":["GET"]}}],"collection":[{"href":"https:\/\/www.minicity.it\/blog\/wp-json\/wp\/v2\/posts"}],"about":[{"href":"https:\/\/www.minicity.it\/blog\/wp-json\/wp\/v2\/types\/post"}],"author":[{"embeddable":true,"href":"https:\/\/www.minicity.it\/blog\/wp-json\/wp\/v2\/users\/1"}],"replies":[{"embeddable":true,"href":"https:\/\/www.minicity.it\/blog\/wp-json\/wp\/v2\/comments?post=3604"}],"version-history":[{"count":0,"href":"https:\/\/www.minicity.it\/blog\/wp-json\/wp\/v2\/posts\/3604\/revisions"}],"wp:attachment":[{"href":"https:\/\/www.minicity.it\/blog\/wp-json\/wp\/v2\/media?parent=3604"}],"wp:term":[{"taxonomy":"category","embeddable":true,"href":"https:\/\/www.minicity.it\/blog\/wp-json\/wp\/v2\/categories?post=3604"},{"taxonomy":"post_tag","embeddable":true,"href":"https:\/\/www.minicity.it\/blog\/wp-json\/wp\/v2\/tags?post=3604"}],"curies":[{"name":"wp","href":"https:\/\/api.w.org\/{rel}","templated":true}]}}